{"id":5078,"date":"2026-03-12T21:33:44","date_gmt":"2026-03-13T00:33:44","guid":{"rendered":"https:\/\/dechilealpaladar.cl\/?p=5078"},"modified":"2026-03-29T17:55:35","modified_gmt":"2026-03-29T20:55:35","slug":"deslumbrante-6a-edicion-del-maturana-sunset-festival","status":"publish","type":"post","link":"https:\/\/dechilealpaladar.cl\/en\/deslumbrante-6a-edicion-del-maturana-sunset-festival\/","title":{"rendered":"Maturana Sunset Festival deslumbra en su 6a edici\u00f3n"},"content":{"rendered":"<p data-start=\"535\" data-end=\"839\">Con el inicio de marzo y el ambiente de vendimia en el valle de Colchagua, Vi\u00f1a Maturana ubicada en San Fernando, volvi\u00f3 a abrir sus puertas para una nueva edici\u00f3n de su <strong data-start=\"680\" data-end=\"708\">Maturana Sunset Festival<\/strong>, un encuentro que en esta edici\u00f3n convoc\u00f3 a m\u00e1s de 3 mil personas, consolid\u00e1ndose como una propuesta distinta y atractiva dentro del calendario enotur\u00edstico de la zona.<\/p>\n<p data-start=\"841\" data-end=\"1085\">Lo que comenz\u00f3 como una reuni\u00f3n \u00edntima entre amigos y amantes del vino ha evolucionado hacia una experiencia que mezcla vinos, m\u00fasica, gastronom\u00eda y naturaleza, manteniendo el esp\u00edritu relajado y cercano que caracteriza a esta vi\u00f1a boutique.<\/p>\n<p data-start=\"1087\" data-end=\"1270\">La elecci\u00f3n de marzo no es casual. Para la vi\u00f1a coincide con uno de los momentos m\u00e1s intensos del calendario vitivin\u00edcola: <strong data-start=\"2893\" data-end=\"2908\">la vendimia<\/strong>, cuando el valle se llena de actividad y el cierre de la temporada se vive con especial energ\u00eda.<\/p>\n<p data-start=\"1272\" data-end=\"1531\">\u201cRealizar el Sunset en marzo es una forma de celebrar el final del verano y al mismo tiempo dar inicio al nuevo ciclo del vino. Es una fecha que conecta con la tierra, la cosecha y la celebraci\u00f3n\u201d, explic\u00f3 Sebasti\u00e1n Maturana, uno de los socios fundadores.<\/p>\n<figure id=\"attachment_5212\" aria-describedby=\"caption-attachment-5212\" style=\"width: 1160px\" class=\"wp-caption alignnone\"><img fetchpriority=\"high\" decoding=\"async\" class=\"size-full wp-image-5212\" src=\"https:\/\/dechilealpaladar.cl\/wp-content\/uploads\/2026\/03\/maturana-sunset-festival-permitio-vivir-a-la-vina-y-su-propuesta-desde-una-perspectiva-mas-cercana-y-natural.jpg\" alt=\"Maturana Sunset Festival permiti\u00f3 vivir a la vi\u00f1a y su propuesta desde una perspectiva m\u00e1s cercana y natural: Foto: Nick Charlesworth\" width=\"1160\" height=\"760\" \/><figcaption id=\"caption-attachment-5212\" class=\"wp-caption-text\">Maturana Sunset Festival permiti\u00f3 vivir a la vi\u00f1a y su propuesta desde una perspectiva m\u00e1s cercana y natural: Foto: Nick Charlesworth<\/figcaption><\/figure>\n<h4>Vinos, m\u00fasica y paisaje<\/h4>\n<p data-start=\"1561\" data-end=\"1813\">El festival permiti\u00f3 vivir a la vi\u00f1a y su propuesta desde una perspectiva m\u00e1s cercana, natural y el consumo responsable, por eso para esta edici\u00f3n, el evento incorpor\u00f3 adem\u00e1s una curadur\u00eda musical m\u00e1s amplia, nuevas zonas de descanso y una propuesta gastron\u00f3mica con mayor protagonismo, manteniendo siempre al vino de la casa y exponentes de Colchagua Andes como eje central de la experiencia.<\/p>\n<p data-start=\"985\" data-end=\"1317\">Como parte de la programaci\u00f3n, uno de los momentos destacados fue una <strong data-start=\"1056\" data-end=\"1103\">cata vertical<\/strong> <strong>de vinos MW<\/strong> en formato Magnum, dirigida por su en\u00f3logo y tambi\u00e9n socio fundador, Jos\u00e9 Ignacio Maturana. La momento contempl\u00f3 la degustaci\u00f3n de tres a\u00f1adas antiguas \u2014con m\u00e1s de diez a\u00f1os de guarda\u2014 de este Carmenere, uno de los vinos emblem\u00e1ticos de la casa.<\/p>\n<p data-start=\"985\" data-end=\"1317\">Entre las etiquetas que estuvieron disponibles para todos los asistentes al Sunset Festival, destaron algunos de los exponentes m\u00e1s representativos del proyecto, como el <strong data-start=\"2156\" data-end=\"2184\">Vino Naranjo de Torontel<\/strong>, fresco y muy gastron\u00f3mico para el atardecer, adem\u00e1s de tintos como Syrah o Malbec, que acompa\u00f1aron la transici\u00f3n hacia la noche.<\/p>\n<figure id=\"attachment_5213\" aria-describedby=\"caption-attachment-5213\" style=\"width: 320px\" class=\"wp-caption alignleft\"><img decoding=\"async\" class=\"wp-image-5213\" src=\"https:\/\/dechilealpaladar.cl\/wp-content\/uploads\/2026\/03\/tematu-y-todas-las-lineas-de-vinos-de-maturana-winery-estuvieron-disponibles-para-la-gran-cantidad-de-asistentes.jpg\" alt=\"Tematu y todas las l\u00edneas de vinos de Maturana Winery estuvieron disponibles para la gran cantidad de asistentes. Foto: Nick Charlesworth.\" width=\"320\" height=\"488\" \/><figcaption id=\"caption-attachment-5213\" class=\"wp-caption-text\">Tematu y todas las l\u00edneas de vinos de Maturana Winery estuvieron disponibles para la gran cantidad de asistentes. Foto: Nick Charlesworth.<\/figcaption><\/figure>\n<p data-start=\"1528\" data-end=\"1917\">En paralelo, la m\u00fasica tuvo un rol protag\u00f3nico a lo largo de la jornada, con la presentaci\u00f3n de <span class=\"hover:entity-accent entity-underline inline cursor-pointer align-baseline\"><span class=\"whitespace-normal\">Pr\u00f3fugos<\/span><\/span>, considerada una de las bandas tributo a <span class=\"hover:entity-accent entity-underline inline cursor-pointer align-baseline\"><span class=\"whitespace-normal\">Soda Stereo<\/span><\/span> m\u00e1s reconocidas de Sudam\u00e9rica, junto a <span class=\"hover:entity-accent entity-underline inline cursor-pointer align-baseline\"><span class=\"whitespace-normal\">La Pozze Latina<\/span><\/span>, uno de los nombres fundamentales en la historia del hip hop chileno.<\/p>\n<p data-start=\"1919\" data-end=\"2140\">La programaci\u00f3n tambi\u00e9n incluy\u00f3 el escenario <strong data-start=\"1964\" data-end=\"1983\">\u201c<\/strong>Ultrabailable\u201d, con sets de DJs reconocidos, mientras que el Electro Stage \u201cTurbina\u201d reuni\u00f3 a varios nombres de la escena electr\u00f3nica actual.<\/p>\n<p data-start=\"2142\" data-end=\"2768\">Entre ellos el brasile\u00f1o DJ Tommax, conocido por sus presentaciones al atardecer en el evento Sunset del <span class=\"hover:entity-accent entity-underline inline cursor-pointer align-baseline\"><span class=\"whitespace-normal\">Bondinho P\u00e3o de A\u00e7\u00facar<\/span><\/span> en R\u00edo de Janeiro; DJ David Schaffer, quien ha participado en festivales como <span class=\"hover:entity-accent entity-underline inline cursor-pointer align-baseline\"><span class=\"whitespace-normal\">Creamfields<\/span><\/span> and <span class=\"hover:entity-accent entity-underline inline cursor-pointer align-baseline\"><span class=\"whitespace-normal\">Lollapalooza<\/span><\/span>; y entre otros al periodista y DJ <span class=\"hover:entity-accent entity-underline inline cursor-pointer align-baseline\"><span class=\"whitespace-normal\">Roberto Cox<\/span><\/span>, quien se ha presentado junto a figuras internacionales como <span class=\"hover:entity-accent entity-underline inline cursor-pointer align-baseline\"><span class=\"whitespace-normal\">Bob Sinclar<\/span><\/span> y el d\u00fao australiano <span class=\"hover:entity-accent entity-underline inline cursor-pointer align-baseline\"><span class=\"whitespace-normal\">Nervo<\/span><\/span>.<\/p>\n<h4 data-start=\"2431\" data-end=\"2467\">Una vi\u00f1a boutique en crecimiento<\/h4>\n<p data-start=\"2469\" data-end=\"2724\">Esta nueva edici\u00f3n del Sunset Festival sin duda es muestra del r\u00e1pido camino a la consolidaci\u00f3n para <strong>Vi\u00f1a Maturana<\/strong>, que en los \u00faltimos a\u00f1os ha fortalecido su identidad como proyecto boutique enfocado en vinos con car\u00e1cter y experiencias enotur\u00edsticas ligadas al territorio.<\/p>\n<p data-start=\"2726\" data-end=\"2971\">M\u00e1s que un evento puntual, el Sunset se va transformando en un espacio de encuentro que cada a\u00f1o convoca a m\u00e1s amantes del vino, a p\u00fablicos de todos los rangos et\u00e1reos que disfrutan de una puesta en escena en 360\u00b0, atra\u00eddos por la mezcla de paisaje, vida al aire libre, m\u00fasica y cultura del vino en la puerta de entrada al Valle de Colchagua. M\u00e1s informaci\u00f3n en <a target=\"_blank\" rel=\"noopener\" href=\"https:\/\/www.instagram.com\/maturana_sunset\/\">Maturana Sunset Festival.<\/a><\/p>\n<div id='gallery_1' class='gallery galleryid-5078 gallery-columns-4 gallery-size-thumbnail'><figure class='gallery-item'>\n                <div class='gallery-icon landscape'>\n                    <a href='https:\/\/dechilealpaladar.cl\/wp-content\/uploads\/2026\/03\/la-pozze-latina-en-6a-edicion-maturana-sunset-festival-2026-21.jpg'><img decoding=\"async\" width=\"150\" height=\"150\" src=\"\" class=\"attachment-thumbnail size-thumbnail lazyload\" alt=\"La Pozze Latina en 6a edici\u00f3n Maturana Sunset Festival 2026 Foto: Nick Charlesworth\" aria-describedby=\"gallery_1-5220\" data-src=\"https:\/\/dechilealpaladar.cl\/wp-content\/uploads\/2026\/03\/la-pozze-latina-en-6a-edicion-maturana-sunset-festival-2026-21-150x150.jpg\" data-sizes=\"auto\" data-srcset=\"https:\/\/dechilealpaladar.cl\/wp-content\/uploads\/2026\/03\/la-pozze-latina-en-6a-edicion-maturana-sunset-festival-2026-21-150x150.jpg 150w, https:\/\/dechilealpaladar.cl\/wp-content\/uploads\/2026\/03\/la-pozze-latina-en-6a-edicion-maturana-sunset-festival-2026-21-75x75.jpg 75w, https:\/\/dechilealpaladar.cl\/wp-content\/uploads\/2026\/03\/la-pozze-latina-en-6a-edicion-maturana-sunset-festival-2026-21-350x350.jpg 350w\" data-expand=\"700\" \/><\/a>\n                <\/div>\n                    <figcaption class='wp-caption-text gallery-caption' id='gallery_1-5220'>\n                    6a edici\u00f3n Maturana Sunset Festival 2026 Foto: Nick Charlesworth\n                    <\/figcaption><\/figure><figure class='gallery-item'>\n                <div class='gallery-icon landscape'>\n                    <a href='https:\/\/dechilealpaladar.cl\/wp-content\/uploads\/2026\/03\/la-pozze-latina-en-6a-edicion-maturana-sunset-festival-2026-22.jpg'><img loading=\"lazy\" decoding=\"async\" width=\"150\" height=\"150\" src=\"\" class=\"attachment-thumbnail size-thumbnail lazyload\" alt=\"\" aria-describedby=\"gallery_1-5222\" data-src=\"https:\/\/dechilealpaladar.cl\/wp-content\/uploads\/2026\/03\/la-pozze-latina-en-6a-edicion-maturana-sunset-festival-2026-22-150x150.jpg\" data-sizes=\"auto\" data-srcset=\"https:\/\/dechilealpaladar.cl\/wp-content\/uploads\/2026\/03\/la-pozze-latina-en-6a-edicion-maturana-sunset-festival-2026-22-150x150.jpg 150w, https:\/\/dechilealpaladar.cl\/wp-content\/uploads\/2026\/03\/la-pozze-latina-en-6a-edicion-maturana-sunset-festival-2026-22-75x75.jpg 75w, https:\/\/dechilealpaladar.cl\/wp-content\/uploads\/2026\/03\/la-pozze-latina-en-6a-edicion-maturana-sunset-festival-2026-22-350x350.jpg 350w\" data-expand=\"700\" \/><\/a>\n                <\/div>\n                    <figcaption class='wp-caption-text gallery-caption' id='gallery_1-5222'>\n                    6a edici\u00f3n Maturana Sunset Festival 2026. Foto: Nick Charlesworth.\n                    <\/figcaption><\/figure><figure class='gallery-item'>\n                <div class='gallery-icon landscape'>\n                    <a href='https:\/\/dechilealpaladar.cl\/wp-content\/uploads\/2026\/03\/la-pozze-latina-en-6a-edicion-maturana-sunset-festival-2026-19.jpg'><img loading=\"lazy\" decoding=\"async\" width=\"150\" height=\"150\" src=\"\" class=\"attachment-thumbnail size-thumbnail lazyload\" alt=\"6a edici\u00f3n Maturana Sunset Festival 2026. Foto: Nick Charlesworth.\" aria-describedby=\"gallery_1-5223\" data-src=\"https:\/\/dechilealpaladar.cl\/wp-content\/uploads\/2026\/03\/la-pozze-latina-en-6a-edicion-maturana-sunset-festival-2026-19-150x150.jpg\" data-sizes=\"auto\" data-srcset=\"https:\/\/dechilealpaladar.cl\/wp-content\/uploads\/2026\/03\/la-pozze-latina-en-6a-edicion-maturana-sunset-festival-2026-19-150x150.jpg 150w, https:\/\/dechilealpaladar.cl\/wp-content\/uploads\/2026\/03\/la-pozze-latina-en-6a-edicion-maturana-sunset-festival-2026-19-75x75.jpg 75w, https:\/\/dechilealpaladar.cl\/wp-content\/uploads\/2026\/03\/la-pozze-latina-en-6a-edicion-maturana-sunset-festival-2026-19-350x350.jpg 350w\" data-expand=\"700\" \/><\/a>\n                <\/div>\n                    <figcaption class='wp-caption-text gallery-caption' id='gallery_1-5223'>\n                    Cristina \u00c1lvarez G. Fundadora De Chile Al Paladar. 6a edici\u00f3n Maturana Sunset Festival 2026. Foto: Nick Charlesworth.\n                    <\/figcaption><\/figure><figure class='gallery-item'>\n                <div class='gallery-icon landscape'>\n                    <a href='https:\/\/dechilealpaladar.cl\/wp-content\/uploads\/2026\/03\/nz6_5879.jpg'><img loading=\"lazy\" decoding=\"async\" width=\"150\" height=\"150\" src=\"\" class=\"attachment-thumbnail size-thumbnail lazyload\" alt=\"Profugos Tributo a Soda Stereo en 6a edici\u00f3n Maturana Sunset Festival 2026. Foto: Nick Charlesworth.\" aria-describedby=\"gallery_1-5248\" data-src=\"https:\/\/dechilealpaladar.cl\/wp-content\/uploads\/2026\/03\/nz6_5879-150x150.jpg\" data-sizes=\"auto\" data-srcset=\"https:\/\/dechilealpaladar.cl\/wp-content\/uploads\/2026\/03\/nz6_5879-150x150.jpg 150w, https:\/\/dechilealpaladar.cl\/wp-content\/uploads\/2026\/03\/nz6_5879-75x75.jpg 75w, https:\/\/dechilealpaladar.cl\/wp-content\/uploads\/2026\/03\/nz6_5879-350x350.jpg 350w\" data-expand=\"700\" \/><\/a>\n                <\/div>\n                    <figcaption class='wp-caption-text gallery-caption' id='gallery_1-5248'>\n                    Profugos Tributo a Soda Stereo en 6a edici\u00f3n Maturana Sunset Festival 2026. Foto: Nick Charlesworth.\n                    <\/figcaption><\/figure><br style=\"clear: both\" \/><figure class='gallery-item'>\n                <div class='gallery-icon landscape'>\n                    <a href='https:\/\/dechilealpaladar.cl\/wp-content\/uploads\/2026\/03\/la-pozze-latina-en-6a-edicion-maturana-sunset-festival-2026-18.jpg'><img loading=\"lazy\" decoding=\"async\" width=\"150\" height=\"150\" src=\"\" class=\"attachment-thumbnail size-thumbnail lazyload\" alt=\"6a edici\u00f3n Maturana Sunset Festival 2026. Foto: Nick Charlesworth\" aria-describedby=\"gallery_1-5224\" data-src=\"https:\/\/dechilealpaladar.cl\/wp-content\/uploads\/2026\/03\/la-pozze-latina-en-6a-edicion-maturana-sunset-festival-2026-18-150x150.jpg\" data-sizes=\"auto\" data-srcset=\"https:\/\/dechilealpaladar.cl\/wp-content\/uploads\/2026\/03\/la-pozze-latina-en-6a-edicion-maturana-sunset-festival-2026-18-150x150.jpg 150w, https:\/\/dechilealpaladar.cl\/wp-content\/uploads\/2026\/03\/la-pozze-latina-en-6a-edicion-maturana-sunset-festival-2026-18-75x75.jpg 75w, https:\/\/dechilealpaladar.cl\/wp-content\/uploads\/2026\/03\/la-pozze-latina-en-6a-edicion-maturana-sunset-festival-2026-18-350x350.jpg 350w\" data-expand=\"700\" \/><\/a>\n                <\/div>\n                    <figcaption class='wp-caption-text gallery-caption' id='gallery_1-5224'>\n                    6a edici\u00f3n Maturana Sunset Festival 2026. Foto: Nick Charlesworth\n                    <\/figcaption><\/figure><figure class='gallery-item'>\n                <div class='gallery-icon landscape'>\n                    <a href='https:\/\/dechilealpaladar.cl\/wp-content\/uploads\/2026\/03\/la-pozze-latina-en-6a-edicion-maturana-sunset-festival-2026-16.jpg'><img loading=\"lazy\" decoding=\"async\" width=\"150\" height=\"150\" src=\"\" class=\"attachment-thumbnail size-thumbnail lazyload\" alt=\"6a edici\u00f3n Maturana Sunset Festival 2026. Foto: Nick Charlesworth\" aria-describedby=\"gallery_1-5225\" data-src=\"https:\/\/dechilealpaladar.cl\/wp-content\/uploads\/2026\/03\/la-pozze-latina-en-6a-edicion-maturana-sunset-festival-2026-16-150x150.jpg\" data-sizes=\"auto\" data-srcset=\"https:\/\/dechilealpaladar.cl\/wp-content\/uploads\/2026\/03\/la-pozze-latina-en-6a-edicion-maturana-sunset-festival-2026-16-150x150.jpg 150w, https:\/\/dechilealpaladar.cl\/wp-content\/uploads\/2026\/03\/la-pozze-latina-en-6a-edicion-maturana-sunset-festival-2026-16-75x75.jpg 75w, https:\/\/dechilealpaladar.cl\/wp-content\/uploads\/2026\/03\/la-pozze-latina-en-6a-edicion-maturana-sunset-festival-2026-16-350x350.jpg 350w\" data-expand=\"700\" \/><\/a>\n                <\/div>\n                    <figcaption class='wp-caption-text gallery-caption' id='gallery_1-5225'>\n                    6a edici\u00f3n Maturana Sunset Festival 2026. Foto: Nick Charlesworth\n                    <\/figcaption><\/figure><figure class='gallery-item'>\n                <div class='gallery-icon landscape'>\n                    <a href='https:\/\/dechilealpaladar.cl\/wp-content\/uploads\/2026\/03\/la-pozze-latina-en-6a-edicion-maturana-sunset-festival-2026-8.jpg'><img loading=\"lazy\" decoding=\"async\" width=\"150\" height=\"150\" src=\"\" class=\"attachment-thumbnail size-thumbnail lazyload\" alt=\"6a edici\u00f3n Maturana Sunset Festival 2026. Foto:: Nick Charlesworth.\" aria-describedby=\"gallery_1-5241\" data-src=\"https:\/\/dechilealpaladar.cl\/wp-content\/uploads\/2026\/03\/la-pozze-latina-en-6a-edicion-maturana-sunset-festival-2026-8-150x150.jpg\" data-sizes=\"auto\" data-srcset=\"https:\/\/dechilealpaladar.cl\/wp-content\/uploads\/2026\/03\/la-pozze-latina-en-6a-edicion-maturana-sunset-festival-2026-8-150x150.jpg 150w, https:\/\/dechilealpaladar.cl\/wp-content\/uploads\/2026\/03\/la-pozze-latina-en-6a-edicion-maturana-sunset-festival-2026-8-75x75.jpg 75w, https:\/\/dechilealpaladar.cl\/wp-content\/uploads\/2026\/03\/la-pozze-latina-en-6a-edicion-maturana-sunset-festival-2026-8-350x350.jpg 350w\" data-expand=\"700\" \/><\/a>\n                <\/div>\n                    <figcaption class='wp-caption-text gallery-caption' id='gallery_1-5241'>\n                    6a edici\u00f3n Maturana Sunset Festival 2026. Foto:: Nick Charlesworth.\n                    <\/figcaption><\/figure><figure class='gallery-item'>\n                <div class='gallery-icon landscape'>\n                    <a href='https:\/\/dechilealpaladar.cl\/wp-content\/uploads\/2026\/03\/la-pozze-latina-en-6a-edicion-maturana-sunset-festival-2026-14.jpg'><img loading=\"lazy\" decoding=\"async\" width=\"150\" height=\"150\" src=\"\" class=\"attachment-thumbnail size-thumbnail lazyload\" alt=\"6a edici\u00f3n Maturana Sunset Festival 2026. Foto: Nick Charlesworth\" aria-describedby=\"gallery_1-5227\" data-src=\"https:\/\/dechilealpaladar.cl\/wp-content\/uploads\/2026\/03\/la-pozze-latina-en-6a-edicion-maturana-sunset-festival-2026-14-150x150.jpg\" data-sizes=\"auto\" data-srcset=\"https:\/\/dechilealpaladar.cl\/wp-content\/uploads\/2026\/03\/la-pozze-latina-en-6a-edicion-maturana-sunset-festival-2026-14-150x150.jpg 150w, https:\/\/dechilealpaladar.cl\/wp-content\/uploads\/2026\/03\/la-pozze-latina-en-6a-edicion-maturana-sunset-festival-2026-14-75x75.jpg 75w, https:\/\/dechilealpaladar.cl\/wp-content\/uploads\/2026\/03\/la-pozze-latina-en-6a-edicion-maturana-sunset-festival-2026-14-350x350.jpg 350w\" data-expand=\"700\" \/><\/a>\n                <\/div>\n                    <figcaption class='wp-caption-text gallery-caption' id='gallery_1-5227'>\n                    6a edici\u00f3n Maturana Sunset Festival 2026. Foto: Nick Charlesworth\n                    <\/figcaption><\/figure><br style=\"clear: both\" \/><figure class='gallery-item'>\n                <div class='gallery-icon landscape'>\n                    <a href='https:\/\/dechilealpaladar.cl\/wp-content\/uploads\/2026\/03\/la-pozze-latina-en-6a-edicion-maturana-sunset-festival-2026-4.jpg'><img loading=\"lazy\" decoding=\"async\" width=\"150\" height=\"150\" src=\"\" class=\"attachment-thumbnail size-thumbnail lazyload\" alt=\"6a edici\u00f3n Maturana Sunset Festival 2026. Foto:: Nick Charlesworth.\" aria-describedby=\"gallery_1-5237\" data-src=\"https:\/\/dechilealpaladar.cl\/wp-content\/uploads\/2026\/03\/la-pozze-latina-en-6a-edicion-maturana-sunset-festival-2026-4-150x150.jpg\" data-sizes=\"auto\" data-srcset=\"https:\/\/dechilealpaladar.cl\/wp-content\/uploads\/2026\/03\/la-pozze-latina-en-6a-edicion-maturana-sunset-festival-2026-4-150x150.jpg 150w, https:\/\/dechilealpaladar.cl\/wp-content\/uploads\/2026\/03\/la-pozze-latina-en-6a-edicion-maturana-sunset-festival-2026-4-75x75.jpg 75w, https:\/\/dechilealpaladar.cl\/wp-content\/uploads\/2026\/03\/la-pozze-latina-en-6a-edicion-maturana-sunset-festival-2026-4-350x350.jpg 350w\" data-expand=\"700\" \/><\/a>\n                <\/div>\n                    <figcaption class='wp-caption-text gallery-caption' id='gallery_1-5237'>\n                    6a edici\u00f3n Maturana Sunset Festival 2026. Foto:: Nick Charlesworth.\n                    <\/figcaption><\/figure><figure class='gallery-item'>\n                <div class='gallery-icon landscape'>\n                    <a href='https:\/\/dechilealpaladar.cl\/wp-content\/uploads\/2026\/03\/la-pozze-latina-en-6a-edicion-maturana-sunset-festival-2026-12.jpg'><img loading=\"lazy\" decoding=\"async\" width=\"150\" height=\"150\" src=\"\" class=\"attachment-thumbnail size-thumbnail lazyload\" alt=\"6a edici\u00f3n Maturana Sunset Festival 2026. Foto: Nick Charlesworth\" aria-describedby=\"gallery_1-5229\" data-src=\"https:\/\/dechilealpaladar.cl\/wp-content\/uploads\/2026\/03\/la-pozze-latina-en-6a-edicion-maturana-sunset-festival-2026-12-150x150.jpg\" data-sizes=\"auto\" data-srcset=\"https:\/\/dechilealpaladar.cl\/wp-content\/uploads\/2026\/03\/la-pozze-latina-en-6a-edicion-maturana-sunset-festival-2026-12-150x150.jpg 150w, https:\/\/dechilealpaladar.cl\/wp-content\/uploads\/2026\/03\/la-pozze-latina-en-6a-edicion-maturana-sunset-festival-2026-12-75x75.jpg 75w, https:\/\/dechilealpaladar.cl\/wp-content\/uploads\/2026\/03\/la-pozze-latina-en-6a-edicion-maturana-sunset-festival-2026-12-350x350.jpg 350w\" data-expand=\"700\" \/><\/a>\n                <\/div>\n                    <figcaption class='wp-caption-text gallery-caption' id='gallery_1-5229'>\n                    6a edici\u00f3n Maturana Sunset Festival 2026. Foto: Nick Charlesworth\n                    <\/figcaption><\/figure><figure class='gallery-item'>\n                <div class='gallery-icon landscape'>\n                    <a href='https:\/\/dechilealpaladar.cl\/wp-content\/uploads\/2026\/03\/la-pozze-latina-en-6a-edicion-maturana-sunset-festival-2026-20.jpg'><img loading=\"lazy\" decoding=\"async\" width=\"150\" height=\"150\" src=\"\" class=\"attachment-thumbnail size-thumbnail lazyload\" alt=\"6a edici\u00f3n Maturana Sunset Festival 2026. Foto: Nick Charlesworth.\" aria-describedby=\"gallery_1-5221\" data-src=\"https:\/\/dechilealpaladar.cl\/wp-content\/uploads\/2026\/03\/la-pozze-latina-en-6a-edicion-maturana-sunset-festival-2026-20-150x150.jpg\" data-sizes=\"auto\" data-srcset=\"https:\/\/dechilealpaladar.cl\/wp-content\/uploads\/2026\/03\/la-pozze-latina-en-6a-edicion-maturana-sunset-festival-2026-20-150x150.jpg 150w, https:\/\/dechilealpaladar.cl\/wp-content\/uploads\/2026\/03\/la-pozze-latina-en-6a-edicion-maturana-sunset-festival-2026-20-75x75.jpg 75w, https:\/\/dechilealpaladar.cl\/wp-content\/uploads\/2026\/03\/la-pozze-latina-en-6a-edicion-maturana-sunset-festival-2026-20-350x350.jpg 350w\" data-expand=\"700\" \/><\/a>\n                <\/div>\n                    <figcaption class='wp-caption-text gallery-caption' id='gallery_1-5221'>\n                    6a edici\u00f3n Maturana Sunset Festival 2026. Foto: Nick Charlesworth.\n                    <\/figcaption><\/figure><figure class='gallery-item'>\n                <div class='gallery-icon landscape'>\n                    <a href='https:\/\/dechilealpaladar.cl\/wp-content\/uploads\/2026\/03\/la-pozze-latina-en-6a-edicion-maturana-sunset-festival-2026-11.jpg'><img loading=\"lazy\" decoding=\"async\" width=\"150\" height=\"150\" src=\"\" class=\"attachment-thumbnail size-thumbnail lazyload\" alt=\"6a edici\u00f3n Maturana Sunset Festival 2026. Foto: Nick Charlesworth\" aria-describedby=\"gallery_1-5230\" data-src=\"https:\/\/dechilealpaladar.cl\/wp-content\/uploads\/2026\/03\/la-pozze-latina-en-6a-edicion-maturana-sunset-festival-2026-11-150x150.jpg\" data-sizes=\"auto\" data-srcset=\"https:\/\/dechilealpaladar.cl\/wp-content\/uploads\/2026\/03\/la-pozze-latina-en-6a-edicion-maturana-sunset-festival-2026-11-150x150.jpg 150w, https:\/\/dechilealpaladar.cl\/wp-content\/uploads\/2026\/03\/la-pozze-latina-en-6a-edicion-maturana-sunset-festival-2026-11-75x75.jpg 75w, https:\/\/dechilealpaladar.cl\/wp-content\/uploads\/2026\/03\/la-pozze-latina-en-6a-edicion-maturana-sunset-festival-2026-11-350x350.jpg 350w\" data-expand=\"700\" \/><\/a>\n                <\/div>\n                    <figcaption class='wp-caption-text gallery-caption' id='gallery_1-5230'>\n                    6a edici\u00f3n Maturana Sunset Festival 2026. Foto: Nick Charlesworth\n                    <\/figcaption><\/figure><br style=\"clear: both\" \/><figure class='gallery-item'>\n                <div class='gallery-icon landscape'>\n                    <a href='https:\/\/dechilealpaladar.cl\/wp-content\/uploads\/2026\/03\/mas-de-3-mil-personas-disfrutaron-de-la-deslumbrante-6a-edicion-del-maturana-sunset-festival-en-colchagua-e1773433479251.jpg'><img loading=\"lazy\" decoding=\"async\" width=\"150\" height=\"150\" src=\"\" class=\"attachment-thumbnail size-thumbnail lazyload\" alt=\"M\u00e1s de 3 mil personas disfrutaron de la deslumbrante 6a edici\u00f3n del Maturana Sunset Festival en Colchagua. Foto Nick Charlesworth\" aria-describedby=\"gallery_1-5211\" data-src=\"https:\/\/dechilealpaladar.cl\/wp-content\/uploads\/2026\/03\/mas-de-3-mil-personas-disfrutaron-de-la-deslumbrante-6a-edicion-del-maturana-sunset-festival-en-colchagua-150x150.jpg\" data-sizes=\"auto\" data-srcset=\"https:\/\/dechilealpaladar.cl\/wp-content\/uploads\/2026\/03\/mas-de-3-mil-personas-disfrutaron-de-la-deslumbrante-6a-edicion-del-maturana-sunset-festival-en-colchagua-150x150.jpg 150w, https:\/\/dechilealpaladar.cl\/wp-content\/uploads\/2026\/03\/mas-de-3-mil-personas-disfrutaron-de-la-deslumbrante-6a-edicion-del-maturana-sunset-festival-en-colchagua-75x75.jpg 75w, https:\/\/dechilealpaladar.cl\/wp-content\/uploads\/2026\/03\/mas-de-3-mil-personas-disfrutaron-de-la-deslumbrante-6a-edicion-del-maturana-sunset-festival-en-colchagua-350x350.jpg 350w\" data-expand=\"700\" \/><\/a>\n                <\/div>\n                    <figcaption class='wp-caption-text gallery-caption' id='gallery_1-5211'>\n                    M\u00e1s de 3 mil personas disfrutaron de la deslumbrante 6a edici\u00f3n del Maturana Sunset Festival en Colchagua. Foto Nick Charlesworth\n                    <\/figcaption><\/figure><figure class='gallery-item'>\n                <div class='gallery-icon landscape'>\n                    <a href='https:\/\/dechilealpaladar.cl\/wp-content\/uploads\/2026\/03\/la-pozze-latina-en-6a-edicion-maturana-sunset-festival-2026-13.jpg'><img loading=\"lazy\" decoding=\"async\" width=\"150\" height=\"150\" src=\"\" class=\"attachment-thumbnail size-thumbnail lazyload\" alt=\"6a edici\u00f3n Maturana Sunset Festival 2026. Foto: Nick Charlesworth\" aria-describedby=\"gallery_1-5228\" data-src=\"https:\/\/dechilealpaladar.cl\/wp-content\/uploads\/2026\/03\/la-pozze-latina-en-6a-edicion-maturana-sunset-festival-2026-13-150x150.jpg\" data-sizes=\"auto\" data-srcset=\"https:\/\/dechilealpaladar.cl\/wp-content\/uploads\/2026\/03\/la-pozze-latina-en-6a-edicion-maturana-sunset-festival-2026-13-150x150.jpg 150w, https:\/\/dechilealpaladar.cl\/wp-content\/uploads\/2026\/03\/la-pozze-latina-en-6a-edicion-maturana-sunset-festival-2026-13-75x75.jpg 75w, https:\/\/dechilealpaladar.cl\/wp-content\/uploads\/2026\/03\/la-pozze-latina-en-6a-edicion-maturana-sunset-festival-2026-13-350x350.jpg 350w\" data-expand=\"700\" \/><\/a>\n                <\/div>\n                    <figcaption class='wp-caption-text gallery-caption' id='gallery_1-5228'>\n                    6a edici\u00f3n Maturana Sunset Festival 2026. Foto: Nick Charlesworth\n                    <\/figcaption><\/figure><figure class='gallery-item'>\n                <div class='gallery-icon landscape'>\n                    <a href='https:\/\/dechilealpaladar.cl\/wp-content\/uploads\/2026\/03\/la-pozze-latina-en-6a-edicion-maturana-sunset-festival-2026-foto-nick-charlesworth.jpg'><img loading=\"lazy\" decoding=\"async\" width=\"150\" height=\"150\" src=\"\" class=\"attachment-thumbnail size-thumbnail lazyload\" alt=\"La Pozze Latina en 6a edici\u00f3n Maturana Sunset Festival 2026. Foto: Nick Charlesworth\" aria-describedby=\"gallery_1-5232\" data-src=\"https:\/\/dechilealpaladar.cl\/wp-content\/uploads\/2026\/03\/la-pozze-latina-en-6a-edicion-maturana-sunset-festival-2026-foto-nick-charlesworth-150x150.jpg\" data-sizes=\"auto\" data-srcset=\"https:\/\/dechilealpaladar.cl\/wp-content\/uploads\/2026\/03\/la-pozze-latina-en-6a-edicion-maturana-sunset-festival-2026-foto-nick-charlesworth-150x150.jpg 150w, https:\/\/dechilealpaladar.cl\/wp-content\/uploads\/2026\/03\/la-pozze-latina-en-6a-edicion-maturana-sunset-festival-2026-foto-nick-charlesworth-75x75.jpg 75w, https:\/\/dechilealpaladar.cl\/wp-content\/uploads\/2026\/03\/la-pozze-latina-en-6a-edicion-maturana-sunset-festival-2026-foto-nick-charlesworth-350x350.jpg 350w\" data-expand=\"700\" \/><\/a>\n                <\/div>\n                    <figcaption class='wp-caption-text gallery-caption' id='gallery_1-5232'>\n                    La Pozze Latina en 6a edici\u00f3n Maturana Sunset Festival 2026. Foto: Nick Charlesworth\n                    <\/figcaption><\/figure><figure class='gallery-item'>\n                <div class='gallery-icon landscape'>\n                    <a href='https:\/\/dechilealpaladar.cl\/wp-content\/uploads\/2026\/03\/la-pozze-latina-en-6a-edicion-maturana-sunset-festival-2026-9.jpg'><img loading=\"lazy\" decoding=\"async\" width=\"150\" height=\"150\" src=\"\" class=\"attachment-thumbnail size-thumbnail lazyload\" alt=\"6a edici\u00f3n Maturana Sunset Festival 2026. Foto: Nick Charlesworth\" aria-describedby=\"gallery_1-5233\" data-src=\"https:\/\/dechilealpaladar.cl\/wp-content\/uploads\/2026\/03\/la-pozze-latina-en-6a-edicion-maturana-sunset-festival-2026-9-150x150.jpg\" data-sizes=\"auto\" data-srcset=\"https:\/\/dechilealpaladar.cl\/wp-content\/uploads\/2026\/03\/la-pozze-latina-en-6a-edicion-maturana-sunset-festival-2026-9-150x150.jpg 150w, https:\/\/dechilealpaladar.cl\/wp-content\/uploads\/2026\/03\/la-pozze-latina-en-6a-edicion-maturana-sunset-festival-2026-9-75x75.jpg 75w, https:\/\/dechilealpaladar.cl\/wp-content\/uploads\/2026\/03\/la-pozze-latina-en-6a-edicion-maturana-sunset-festival-2026-9-350x350.jpg 350w\" data-expand=\"700\" \/><\/a>\n                <\/div>\n                    <figcaption class='wp-caption-text gallery-caption' id='gallery_1-5233'>\n                    6a edici\u00f3n Maturana Sunset Festival 2026. Foto: Nick Charlesworth\n                    <\/figcaption><\/figure><br style=\"clear: both\" \/><figure class='gallery-item'>\n                <div class='gallery-icon landscape'>\n                    <a href='https:\/\/dechilealpaladar.cl\/wp-content\/uploads\/2026\/03\/la-pozze-latina-en-6a-edicion-maturana-sunset-festival-2026-10.jpg'><img loading=\"lazy\" decoding=\"async\" width=\"150\" height=\"150\" src=\"\" class=\"attachment-thumbnail size-thumbnail lazyload\" alt=\"6a edici\u00f3n Maturana Sunset Festival 2026. Foto: Nick Charlesworth\" aria-describedby=\"gallery_1-5231\" data-src=\"https:\/\/dechilealpaladar.cl\/wp-content\/uploads\/2026\/03\/la-pozze-latina-en-6a-edicion-maturana-sunset-festival-2026-10-150x150.jpg\" data-sizes=\"auto\" data-srcset=\"https:\/\/dechilealpaladar.cl\/wp-content\/uploads\/2026\/03\/la-pozze-latina-en-6a-edicion-maturana-sunset-festival-2026-10-150x150.jpg 150w, https:\/\/dechilealpaladar.cl\/wp-content\/uploads\/2026\/03\/la-pozze-latina-en-6a-edicion-maturana-sunset-festival-2026-10-75x75.jpg 75w, https:\/\/dechilealpaladar.cl\/wp-content\/uploads\/2026\/03\/la-pozze-latina-en-6a-edicion-maturana-sunset-festival-2026-10-350x350.jpg 350w\" data-expand=\"700\" \/><\/a>\n                <\/div>\n                    <figcaption class='wp-caption-text gallery-caption' id='gallery_1-5231'>\n                    6a edici\u00f3n Maturana Sunset Festival 2026. Foto: Nick Charlesworth\n                    <\/figcaption><\/figure><figure class='gallery-item'>\n                <div class='gallery-icon landscape'>\n                    <a href='https:\/\/dechilealpaladar.cl\/wp-content\/uploads\/2026\/03\/la-pozze-latina-en-6a-edicion-maturana-sunset-festival-2026-2-foto-nick-charlesworth.jpg'><img loading=\"lazy\" decoding=\"async\" width=\"150\" height=\"150\" src=\"\" class=\"attachment-thumbnail size-thumbnail lazyload\" alt=\"La Pozze Latina en 6a edici\u00f3n Maturana Sunset Festival 2026. Foto Nick Charlesworth\" aria-describedby=\"gallery_1-5234\" data-src=\"https:\/\/dechilealpaladar.cl\/wp-content\/uploads\/2026\/03\/la-pozze-latina-en-6a-edicion-maturana-sunset-festival-2026-2-foto-nick-charlesworth-150x150.jpg\" data-sizes=\"auto\" data-srcset=\"https:\/\/dechilealpaladar.cl\/wp-content\/uploads\/2026\/03\/la-pozze-latina-en-6a-edicion-maturana-sunset-festival-2026-2-foto-nick-charlesworth-150x150.jpg 150w, https:\/\/dechilealpaladar.cl\/wp-content\/uploads\/2026\/03\/la-pozze-latina-en-6a-edicion-maturana-sunset-festival-2026-2-foto-nick-charlesworth-75x75.jpg 75w, https:\/\/dechilealpaladar.cl\/wp-content\/uploads\/2026\/03\/la-pozze-latina-en-6a-edicion-maturana-sunset-festival-2026-2-foto-nick-charlesworth-350x350.jpg 350w\" data-expand=\"700\" \/><\/a>\n                <\/div>\n                    <figcaption class='wp-caption-text gallery-caption' id='gallery_1-5234'>\n                    La Pozze Latina en 6a edici\u00f3n Maturana Sunset Festival 2026. Foto Nick Charlesworth\n                    <\/figcaption><\/figure><figure class='gallery-item'>\n                <div class='gallery-icon landscape'>\n                    <a href='https:\/\/dechilealpaladar.cl\/wp-content\/uploads\/2026\/03\/la-pozze-latina-en-6a-edicion-maturana-sunset-festival-2026-3.jpg'><img loading=\"lazy\" decoding=\"async\" width=\"150\" height=\"150\" src=\"\" class=\"attachment-thumbnail size-thumbnail lazyload\" alt=\"6a edici\u00f3n Maturana Sunset Festival 2026. Foto:: Nick Charlesworth.\" aria-describedby=\"gallery_1-5236\" data-src=\"https:\/\/dechilealpaladar.cl\/wp-content\/uploads\/2026\/03\/la-pozze-latina-en-6a-edicion-maturana-sunset-festival-2026-3-150x150.jpg\" data-sizes=\"auto\" data-srcset=\"https:\/\/dechilealpaladar.cl\/wp-content\/uploads\/2026\/03\/la-pozze-latina-en-6a-edicion-maturana-sunset-festival-2026-3-150x150.jpg 150w, https:\/\/dechilealpaladar.cl\/wp-content\/uploads\/2026\/03\/la-pozze-latina-en-6a-edicion-maturana-sunset-festival-2026-3-75x75.jpg 75w, https:\/\/dechilealpaladar.cl\/wp-content\/uploads\/2026\/03\/la-pozze-latina-en-6a-edicion-maturana-sunset-festival-2026-3-350x350.jpg 350w\" data-expand=\"700\" \/><\/a>\n                <\/div>\n                    <figcaption class='wp-caption-text gallery-caption' id='gallery_1-5236'>\n                    6a edici\u00f3n Maturana Sunset Festival 2026. Foto:: Nick Charlesworth.\n                    <\/figcaption><\/figure><figure class='gallery-item'>\n                <div class='gallery-icon landscape'>\n                    <a href='https:\/\/dechilealpaladar.cl\/wp-content\/uploads\/2026\/03\/la-pozze-latina-en-6a-edicion-maturana-sunset-festival-2026-6.jpg'><img loading=\"lazy\" decoding=\"async\" width=\"150\" height=\"150\" src=\"\" class=\"attachment-thumbnail size-thumbnail lazyload\" alt=\"6a edici\u00f3n Maturana Sunset Festival 2026. Foto:: Nick Charlesworth.\" aria-describedby=\"gallery_1-5239\" data-src=\"https:\/\/dechilealpaladar.cl\/wp-content\/uploads\/2026\/03\/la-pozze-latina-en-6a-edicion-maturana-sunset-festival-2026-6-150x150.jpg\" data-sizes=\"auto\" data-srcset=\"https:\/\/dechilealpaladar.cl\/wp-content\/uploads\/2026\/03\/la-pozze-latina-en-6a-edicion-maturana-sunset-festival-2026-6-150x150.jpg 150w, https:\/\/dechilealpaladar.cl\/wp-content\/uploads\/2026\/03\/la-pozze-latina-en-6a-edicion-maturana-sunset-festival-2026-6-75x75.jpg 75w, https:\/\/dechilealpaladar.cl\/wp-content\/uploads\/2026\/03\/la-pozze-latina-en-6a-edicion-maturana-sunset-festival-2026-6-350x350.jpg 350w\" data-expand=\"700\" \/><\/a>\n                <\/div>\n                    <figcaption class='wp-caption-text gallery-caption' id='gallery_1-5239'>\n                    6a edici\u00f3n Maturana Sunset Festival 2026. Foto:: Nick Charlesworth.\n                    <\/figcaption><\/figure><br style=\"clear: both\" \/><figure class='gallery-item'>\n                <div class='gallery-icon landscape'>\n                    <a href='https:\/\/dechilealpaladar.cl\/wp-content\/uploads\/2026\/03\/nz6_5866.jpg'><img loading=\"lazy\" decoding=\"async\" width=\"150\" height=\"150\" src=\"\" class=\"attachment-thumbnail size-thumbnail lazyload\" alt=\"Profugos Tributo a Soda Stereo en 6a edici\u00f3n Maturana Sunset Festival 2026. Foto: Nick Charlesworth.\" aria-describedby=\"gallery_1-5250\" data-src=\"https:\/\/dechilealpaladar.cl\/wp-content\/uploads\/2026\/03\/nz6_5866-150x150.jpg\" data-sizes=\"auto\" data-srcset=\"https:\/\/dechilealpaladar.cl\/wp-content\/uploads\/2026\/03\/nz6_5866-150x150.jpg 150w, https:\/\/dechilealpaladar.cl\/wp-content\/uploads\/2026\/03\/nz6_5866-75x75.jpg 75w, https:\/\/dechilealpaladar.cl\/wp-content\/uploads\/2026\/03\/nz6_5866-350x350.jpg 350w\" data-expand=\"700\" \/><\/a>\n                <\/div>\n                    <figcaption class='wp-caption-text gallery-caption' id='gallery_1-5250'>\n                    Profugos Tributo a Soda Stereo en 6a edici\u00f3n Maturana Sunset Festival 2026. Foto: Nick Charlesworth.\n                    <\/figcaption><\/figure><figure class='gallery-item'>\n                <div class='gallery-icon landscape'>\n                    <a href='https:\/\/dechilealpaladar.cl\/wp-content\/uploads\/2026\/03\/la-pozze-latina-en-6a-edicion-maturana-sunset-festival-2026-5.jpg'><img loading=\"lazy\" decoding=\"async\" width=\"150\" height=\"150\" src=\"\" class=\"attachment-thumbnail size-thumbnail lazyload\" alt=\"6a edici\u00f3n Maturana Sunset Festival 2026. Foto:: Nick Charlesworth.\" aria-describedby=\"gallery_1-5238\" data-src=\"https:\/\/dechilealpaladar.cl\/wp-content\/uploads\/2026\/03\/la-pozze-latina-en-6a-edicion-maturana-sunset-festival-2026-5-150x150.jpg\" data-sizes=\"auto\" data-srcset=\"https:\/\/dechilealpaladar.cl\/wp-content\/uploads\/2026\/03\/la-pozze-latina-en-6a-edicion-maturana-sunset-festival-2026-5-150x150.jpg 150w, https:\/\/dechilealpaladar.cl\/wp-content\/uploads\/2026\/03\/la-pozze-latina-en-6a-edicion-maturana-sunset-festival-2026-5-75x75.jpg 75w, https:\/\/dechilealpaladar.cl\/wp-content\/uploads\/2026\/03\/la-pozze-latina-en-6a-edicion-maturana-sunset-festival-2026-5-350x350.jpg 350w\" data-expand=\"700\" \/><\/a>\n                <\/div>\n                    <figcaption class='wp-caption-text gallery-caption' id='gallery_1-5238'>\n                    6a edici\u00f3n Maturana Sunset Festival 2026. Foto:: Nick Charlesworth.\n                    <\/figcaption><\/figure><figure class='gallery-item'>\n                <div class='gallery-icon landscape'>\n                    <a href='https:\/\/dechilealpaladar.cl\/wp-content\/uploads\/2026\/03\/la-pozze-latina-en-6a-edicion-maturana-sunset-festival-2026-15.jpg'><img loading=\"lazy\" decoding=\"async\" width=\"150\" height=\"150\" src=\"\" class=\"attachment-thumbnail size-thumbnail lazyload\" alt=\"Pr\u00f3fugos, Tributo a Soda Stereo. 6a edici\u00f3n Maturana Sunset Festival 2026. Foto: Nick Charlesworth\" aria-describedby=\"gallery_1-5226\" data-src=\"https:\/\/dechilealpaladar.cl\/wp-content\/uploads\/2026\/03\/la-pozze-latina-en-6a-edicion-maturana-sunset-festival-2026-15-150x150.jpg\" data-sizes=\"auto\" data-srcset=\"https:\/\/dechilealpaladar.cl\/wp-content\/uploads\/2026\/03\/la-pozze-latina-en-6a-edicion-maturana-sunset-festival-2026-15-150x150.jpg 150w, https:\/\/dechilealpaladar.cl\/wp-content\/uploads\/2026\/03\/la-pozze-latina-en-6a-edicion-maturana-sunset-festival-2026-15-75x75.jpg 75w, https:\/\/dechilealpaladar.cl\/wp-content\/uploads\/2026\/03\/la-pozze-latina-en-6a-edicion-maturana-sunset-festival-2026-15-350x350.jpg 350w\" data-expand=\"700\" \/><\/a>\n                <\/div>\n                    <figcaption class='wp-caption-text gallery-caption' id='gallery_1-5226'>\n                    Pr\u00f3fugos, Tributo a Soda Stereo. 6a edici\u00f3n Maturana Sunset Festival 2026. Foto: Nick Charlesworth\n                    <\/figcaption><\/figure><figure class='gallery-item'>\n                <div class='gallery-icon landscape'>\n                    <a href='https:\/\/dechilealpaladar.cl\/wp-content\/uploads\/2026\/03\/la-pozze-latina-en-6a-edicion-maturana-sunset-festival-2026-7.jpg'><img loading=\"lazy\" decoding=\"async\" width=\"150\" height=\"150\" src=\"\" class=\"attachment-thumbnail size-thumbnail lazyload\" alt=\"6a edici\u00f3n Maturana Sunset Festival 2026. Foto:: Nick Charlesworth.\" aria-describedby=\"gallery_1-5240\" data-src=\"https:\/\/dechilealpaladar.cl\/wp-content\/uploads\/2026\/03\/la-pozze-latina-en-6a-edicion-maturana-sunset-festival-2026-7-150x150.jpg\" data-sizes=\"auto\" data-srcset=\"https:\/\/dechilealpaladar.cl\/wp-content\/uploads\/2026\/03\/la-pozze-latina-en-6a-edicion-maturana-sunset-festival-2026-7-150x150.jpg 150w, https:\/\/dechilealpaladar.cl\/wp-content\/uploads\/2026\/03\/la-pozze-latina-en-6a-edicion-maturana-sunset-festival-2026-7-75x75.jpg 75w, https:\/\/dechilealpaladar.cl\/wp-content\/uploads\/2026\/03\/la-pozze-latina-en-6a-edicion-maturana-sunset-festival-2026-7-350x350.jpg 350w\" data-expand=\"700\" \/><\/a>\n                <\/div>\n                    <figcaption class='wp-caption-text gallery-caption' id='gallery_1-5240'>\n                    6a edici\u00f3n Maturana Sunset Festival 2026. Foto:: Nick Charlesworth.\n                    <\/figcaption><\/figure><br style=\"clear: both\" \/>\n            <\/div>\n\n<p data-start=\"2726\" data-end=\"2971\">Conoce m\u00e1s contenidos en <a href=\"https:\/\/dechilealpaladar.cl\/en\/curico-lanza-xxxvii-fiesta-de-la-vendimia-con-sello-oficial\/\">Curic\u00f3 lanza XXXVII Fiesta de la Vendimia con Sello oficial<\/a>.<\/p>","protected":false},"excerpt":{"rendered":"<p>Con el inicio de marzo y el ambiente de vendimia en el valle de Colchagua, Vi\u00f1a Maturana ubicada en San Fernando, volvi\u00f3 a abrir sus puertas para una nueva edici\u00f3n de su Maturana Sunset Festival, un encuentro que en esta edici\u00f3n convoc\u00f3 a m\u00e1s de 3 mil personas, consolid\u00e1ndose como una propuesta distinta y atractiva [&hellip;]<\/p>\n","protected":false},"author":3,"featured_media":5211,"comment_status":"open","ping_status":"closed","sticky":false,"template":"","format":"standard","meta":{"jnews-multi-image_gallery":[],"jnews_single_post":{"format":"standard","override":[{"template":"1","parallax":"1","fullscreen":"1","layout":"right-sidebar","sidebar":"sidebar-single-post","second_sidebar":"default-sidebar","sticky_sidebar":"1","share_position":"top","share_float_style":"share-monocrhome","show_view_counter":"1","show_featured":"1","show_post_meta":"1","show_post_author":"1","show_post_author_image":"1","show_post_date":"1","post_date_format":"default","post_date_format_custom":"Y\/m\/d","show_post_category":"1","show_post_reading_time":"1","post_reading_time_wpm":"300","post_calculate_word_method":"str_word_count","show_zoom_button":"1","zoom_button_out_step":"2","zoom_button_in_step":"3","show_post_tag":"1","show_prev_next_post":"1","show_popup_post":"1","show_comment_section":"1","number_popup_post":"1","show_author_box":"1","show_post_related":"1"}],"image_override":[{"single_post_thumbnail_size":"crop-500","single_post_gallery_size":"crop-500"}],"trending_post_position":"meta","trending_post_label":"Trending","sponsored_post_label":"Sponsored by","disable_ad":"0","subtitle":"M\u00e1s de 3 mil personas disfrutaron de vinos, m\u00fasica y gastronom\u00eda en una experiencia que combin\u00f3 notablemente paisaje, aires de vendimia y cultura del vino en la puerta de entrada al Valle de Colchagua."},"jnews_primary_category":[],"jnews_review":[],"enable_review":"","type":"percentage","name":"","summary":"","brand":"","sku":"","good":[],"bad":[],"score_override":"","override_value":"","rating":[],"price":[],"jnews_override_counter":{"view_counter_number":"0","share_counter_number":"0","like_counter_number":"0","dislike_counter_number":"0"},"footnotes":""},"categories":[42,6,11],"tags":[271,270,269,122,16],"class_list":["post-5078","post","type-post","status-publish","format-standard","has-post-thumbnail","hentry","category-enoturismo","category-noticias","category-vinos","tag-maturana-sunset-festival","tag-maturana-winery","tag-san-fernando","tag-valle-de-colchagua","tag-vinos"],"aioseo_notices":[],"aioseo_head":"\n\t\t<!-- All in One SEO Pro 4.9.5.2 - aioseo.com -->\n\t<meta name=\"description\" content=\"Con el inicio de marzo y el ambiente de vendimia en el valle de Colchagua, Vi\u00f1a Maturana ubicada en San Fernando, volvi\u00f3 a abrir sus puertas para una nueva edici\u00f3n de su Maturana Sunset Festival, un encuentro que en esta edici\u00f3n convoc\u00f3 a m\u00e1s de 3 mil personas, consolid\u00e1ndose como una propuesta distinta y atractiva\" \/>\n\t<meta name=\"robots\" content=\"max-image-preview:large\" \/>\n\t<meta name=\"author\" content=\"Cristy \u00c1lvarez\"\/>\n\t<meta name=\"google-site-verification\" content=\"FwbYXf8NSX7K5fFr17ZmyxG2GPBjQNe6D5Z26IIESJA\" \/>\n\t<meta name=\"p:domain_verify\" content=\"b1ea975e07205230074b4f8d7926d7df\" \/>\n\t<link rel=\"canonical\" href=\"https:\/\/dechilealpaladar.cl\/en\/deslumbrante-6a-edicion-del-maturana-sunset-festival\/\" \/>\n\t<meta name=\"generator\" content=\"All in One SEO Pro (AIOSEO) 4.9.5.2\" \/>\n\t\t<meta property=\"og:locale\" content=\"en_GB\" \/>\n\t\t<meta property=\"og:site_name\" content=\"De Chile al Paladar | Noticias del Vino en Chile - De Chile al Paladar celebra la cultura del vino, gastronom\u00eda y enoturismo, ofreciendo noticias, tendencias y rese\u00f1as con enfoque en el valor del patrimonio vitivin\u00edcola chileno y la sostenibilidad.\" \/>\n\t\t<meta property=\"og:type\" content=\"article\" \/>\n\t\t<meta property=\"og:title\" content=\"Maturana Sunset Festival deslumbra en su 6a edici\u00f3n\" \/>\n\t\t<meta property=\"og:description\" content=\"Con el inicio de marzo y el ambiente de vendimia en el valle de Colchagua, Vi\u00f1a Maturana ubicada en San Fernando, volvi\u00f3 a abrir sus puertas para una nueva edici\u00f3n de su Maturana Sunset Festival, un encuentro que en esta edici\u00f3n convoc\u00f3 a m\u00e1s de 3 mil personas, consolid\u00e1ndose como una propuesta distinta y atractiva\" \/>\n\t\t<meta property=\"og:url\" content=\"https:\/\/dechilealpaladar.cl\/en\/deslumbrante-6a-edicion-del-maturana-sunset-festival\/\" \/>\n\t\t<meta property=\"og:image\" content=\"https:\/\/dechilealpaladar.cl\/wp-content\/uploads\/2026\/03\/mas-de-3-mil-personas-disfrutaron-de-la-deslumbrante-6a-edicion-del-maturana-sunset-festival-en-colchagua-e1773433479251.jpg\" \/>\n\t\t<meta property=\"og:image:secure_url\" content=\"https:\/\/dechilealpaladar.cl\/wp-content\/uploads\/2026\/03\/mas-de-3-mil-personas-disfrutaron-de-la-deslumbrante-6a-edicion-del-maturana-sunset-festival-en-colchagua-e1773433479251.jpg\" \/>\n\t\t<meta property=\"og:image:width\" content=\"962\" \/>\n\t\t<meta property=\"og:image:height\" content=\"630\" \/>\n\t\t<meta property=\"article:published_time\" content=\"2026-03-13T00:33:44+00:00\" \/>\n\t\t<meta property=\"article:modified_time\" content=\"2026-03-29T20:55:35+00:00\" \/>\n\t\t<meta property=\"article:publisher\" content=\"https:\/\/facebook.com\/dechilealpaladar\" \/>\n\t\t<meta property=\"article:author\" content=\"https:\/\/www.facebook.com\/CristyAlvarezG\/\" \/>\n\t\t<meta name=\"twitter:card\" content=\"summary_large_image\" \/>\n\t\t<meta name=\"twitter:title\" content=\"Maturana Sunset Festival deslumbra en su 6a edici\u00f3n\" \/>\n\t\t<meta name=\"twitter:description\" content=\"Con el inicio de marzo y el ambiente de vendimia en el valle de Colchagua, Vi\u00f1a Maturana ubicada en San Fernando, volvi\u00f3 a abrir sus puertas para una nueva edici\u00f3n de su Maturana Sunset Festival, un encuentro que en esta edici\u00f3n convoc\u00f3 a m\u00e1s de 3 mil personas, consolid\u00e1ndose como una propuesta distinta y atractiva\" \/>\n\t\t<meta name=\"twitter:image\" content=\"https:\/\/dechilealpaladar.cl\/wp-content\/uploads\/2026\/03\/mas-de-3-mil-personas-disfrutaron-de-la-deslumbrante-6a-edicion-del-maturana-sunset-festival-en-colchagua-e1773433479251.jpg\" \/>\n\t\t<script type=\"application\/ld+json\" class=\"aioseo-schema\">\n\t\t\t{\"@context\":\"https:\\\/\\\/schema.org\",\"@graph\":[{\"@type\":\"BlogPosting\",\"@id\":\"https:\\\/\\\/dechilealpaladar.cl\\\/en\\\/deslumbrante-6a-edicion-del-maturana-sunset-festival\\\/#blogposting\",\"name\":\"Maturana Sunset Festival deslumbra en su 6a edici\\u00f3n\",\"headline\":\"Maturana Sunset Festival deslumbra en su 6a edici\\u00f3n\",\"author\":{\"@id\":\"https:\\\/\\\/dechilealpaladar.cl\\\/en\\\/author\\\/cristy-alvarez\\\/#author\"},\"publisher\":{\"@id\":\"https:\\\/\\\/dechilealpaladar.cl\\\/en\\\/#organization\"},\"image\":{\"@type\":\"ImageObject\",\"url\":\"https:\\\/\\\/dechilealpaladar.cl\\\/wp-content\\\/uploads\\\/2026\\\/03\\\/mas-de-3-mil-personas-disfrutaron-de-la-deslumbrante-6a-edicion-del-maturana-sunset-festival-en-colchagua-e1773433479251.jpg\",\"width\":962,\"height\":630,\"caption\":\"M\\u00e1s de 3 mil personas disfrutaron de la deslumbrante 6a edici\\u00f3n del Maturana Sunset Festival en Colchagua. Foto Nick Charlesworth\"},\"datePublished\":\"2026-03-12T21:33:44-03:00\",\"dateModified\":\"2026-03-29T17:55:35-03:00\",\"inLanguage\":\"en-GB\",\"commentCount\":6,\"mainEntityOfPage\":{\"@id\":\"https:\\\/\\\/dechilealpaladar.cl\\\/en\\\/deslumbrante-6a-edicion-del-maturana-sunset-festival\\\/#webpage\"},\"isPartOf\":{\"@id\":\"https:\\\/\\\/dechilealpaladar.cl\\\/en\\\/deslumbrante-6a-edicion-del-maturana-sunset-festival\\\/#webpage\"},\"articleSection\":\"Enoturismo, Noticias, Vinos, Maturana Sunset Festival, Maturana Winery, San Fernando, Valle de Colchagua, Vinos\"},{\"@type\":\"BreadcrumbList\",\"@id\":\"https:\\\/\\\/dechilealpaladar.cl\\\/en\\\/deslumbrante-6a-edicion-del-maturana-sunset-festival\\\/#breadcrumblist\",\"itemListElement\":[{\"@type\":\"ListItem\",\"@id\":\"https:\\\/\\\/dechilealpaladar.cl\\\/en#listItem\",\"position\":1,\"name\":\"Home\",\"item\":\"https:\\\/\\\/dechilealpaladar.cl\\\/en\",\"nextItem\":{\"@type\":\"ListItem\",\"@id\":\"https:\\\/\\\/dechilealpaladar.cl\\\/en\\\/category\\\/vinos\\\/#listItem\",\"name\":\"Vinos\"}},{\"@type\":\"ListItem\",\"@id\":\"https:\\\/\\\/dechilealpaladar.cl\\\/en\\\/category\\\/vinos\\\/#listItem\",\"position\":2,\"name\":\"Vinos\",\"item\":\"https:\\\/\\\/dechilealpaladar.cl\\\/en\\\/category\\\/vinos\\\/\",\"nextItem\":{\"@type\":\"ListItem\",\"@id\":\"https:\\\/\\\/dechilealpaladar.cl\\\/en\\\/category\\\/vinos\\\/noticias\\\/#listItem\",\"name\":\"Noticias\"},\"previousItem\":{\"@type\":\"ListItem\",\"@id\":\"https:\\\/\\\/dechilealpaladar.cl\\\/en#listItem\",\"name\":\"Home\"}},{\"@type\":\"ListItem\",\"@id\":\"https:\\\/\\\/dechilealpaladar.cl\\\/en\\\/category\\\/vinos\\\/noticias\\\/#listItem\",\"position\":3,\"name\":\"Noticias\",\"item\":\"https:\\\/\\\/dechilealpaladar.cl\\\/en\\\/category\\\/vinos\\\/noticias\\\/\",\"nextItem\":{\"@type\":\"ListItem\",\"@id\":\"https:\\\/\\\/dechilealpaladar.cl\\\/en\\\/deslumbrante-6a-edicion-del-maturana-sunset-festival\\\/#listItem\",\"name\":\"Maturana Sunset Festival deslumbra en su 6a edici\\u00f3n\"},\"previousItem\":{\"@type\":\"ListItem\",\"@id\":\"https:\\\/\\\/dechilealpaladar.cl\\\/en\\\/category\\\/vinos\\\/#listItem\",\"name\":\"Vinos\"}},{\"@type\":\"ListItem\",\"@id\":\"https:\\\/\\\/dechilealpaladar.cl\\\/en\\\/deslumbrante-6a-edicion-del-maturana-sunset-festival\\\/#listItem\",\"position\":4,\"name\":\"Maturana Sunset Festival deslumbra en su 6a edici\\u00f3n\",\"previousItem\":{\"@type\":\"ListItem\",\"@id\":\"https:\\\/\\\/dechilealpaladar.cl\\\/en\\\/category\\\/vinos\\\/noticias\\\/#listItem\",\"name\":\"Noticias\"}}]},{\"@type\":\"Organization\",\"@id\":\"https:\\\/\\\/dechilealpaladar.cl\\\/en\\\/#organization\",\"name\":\"De Chile al Paladar\",\"description\":\"De Chile al Paladar es una plataforma dedicada a celebrar y promover la cultura del vino y la gastronom\\u00eda en Chile. Ofrecemos rese\\u00f1as de vinos, maridajes, tendencias, noticias y panoramas, destacando tanto los vinos tradicionales como los de peque\\u00f1os productores. Inspiramos a amantes del vino y la buena mesa a descubrir catas, ferias y las riquezas de la gastronom\\u00eda chilena.\",\"url\":\"https:\\\/\\\/dechilealpaladar.cl\\\/en\\\/\",\"email\":\"equipo@dechilealpaladar.cl\",\"telephone\":\"+56976152439\",\"foundingDate\":\"2025-03-01\",\"numberOfEmployees\":{\"@type\":\"QuantitativeValue\",\"minValue\":0,\"maxValue\":10},\"logo\":{\"@type\":\"ImageObject\",\"url\":\"https:\\\/\\\/dechilealpaladar.cl\\\/wp-content\\\/uploads\\\/2024\\\/11\\\/De_Chile_al_Paladar_Logo_Color-1.png\",\"@id\":\"https:\\\/\\\/dechilealpaladar.cl\\\/en\\\/deslumbrante-6a-edicion-del-maturana-sunset-festival\\\/#organizationLogo\",\"width\":310,\"height\":200,\"caption\":\"DeChileAlPaladar\"},\"image\":{\"@id\":\"https:\\\/\\\/dechilealpaladar.cl\\\/en\\\/deslumbrante-6a-edicion-del-maturana-sunset-festival\\\/#organizationLogo\"},\"sameAs\":[\"https:\\\/\\\/facebook.com\\\/dechilealpaladar\",\"https:\\\/\\\/instagram.com\\\/dechilealpaladar\",\"https:\\\/\\\/youtube.com\\\/dechilealpaladar\",\"https:\\\/\\\/linkedin.com\\\/in\\\/dechilealpaladar\"]},{\"@type\":\"Person\",\"@id\":\"https:\\\/\\\/dechilealpaladar.cl\\\/en\\\/author\\\/cristy-alvarez\\\/#author\",\"url\":\"https:\\\/\\\/dechilealpaladar.cl\\\/en\\\/author\\\/cristy-alvarez\\\/\",\"name\":\"Cristy \\u00c1lvarez\",\"image\":{\"@type\":\"ImageObject\",\"url\":\"https:\\\/\\\/dechilealpaladar.cl\\\/wp-content\\\/uploads\\\/2024\\\/12\\\/cristy_alvarez_vino-mujeres.jpg\"},\"sameAs\":[\"https:\\\/\\\/www.facebook.com\\\/CristyAlvarezG\\\/\",\"https:\\\/\\\/www.instagram.com\\\/vinolacristy\\\/\"],\"description\":\"Cristina \\u00c1lvarez G., periodista y sommelier chilena. Desde 2024 es presidenta de MUV Chile, abogando por la visibilidad de sus integrantes, propiciando unidas alianzas y acciones diversas en torno a la promoci\\u00f3n de la cultura del vino chileno.\",\"knowsLanguage\":[\"Spanish\",\"English\"]},{\"@type\":\"WebPage\",\"@id\":\"https:\\\/\\\/dechilealpaladar.cl\\\/en\\\/deslumbrante-6a-edicion-del-maturana-sunset-festival\\\/#webpage\",\"url\":\"https:\\\/\\\/dechilealpaladar.cl\\\/en\\\/deslumbrante-6a-edicion-del-maturana-sunset-festival\\\/\",\"name\":\"Maturana Sunset Festival deslumbra en su 6a edici\\u00f3n\",\"description\":\"Con el inicio de marzo y el ambiente de vendimia en el valle de Colchagua, Vi\\u00f1a Maturana ubicada en San Fernando, volvi\\u00f3 a abrir sus puertas para una nueva edici\\u00f3n de su Maturana Sunset Festival, un encuentro que en esta edici\\u00f3n convoc\\u00f3 a m\\u00e1s de 3 mil personas, consolid\\u00e1ndose como una propuesta distinta y atractiva\",\"inLanguage\":\"en-GB\",\"isPartOf\":{\"@id\":\"https:\\\/\\\/dechilealpaladar.cl\\\/en\\\/#website\"},\"breadcrumb\":{\"@id\":\"https:\\\/\\\/dechilealpaladar.cl\\\/en\\\/deslumbrante-6a-edicion-del-maturana-sunset-festival\\\/#breadcrumblist\"},\"author\":{\"@id\":\"https:\\\/\\\/dechilealpaladar.cl\\\/en\\\/author\\\/cristy-alvarez\\\/#author\"},\"creator\":{\"@id\":\"https:\\\/\\\/dechilealpaladar.cl\\\/en\\\/author\\\/cristy-alvarez\\\/#author\"},\"image\":{\"@type\":\"ImageObject\",\"url\":\"https:\\\/\\\/dechilealpaladar.cl\\\/wp-content\\\/uploads\\\/2026\\\/03\\\/mas-de-3-mil-personas-disfrutaron-de-la-deslumbrante-6a-edicion-del-maturana-sunset-festival-en-colchagua-e1773433479251.jpg\",\"@id\":\"https:\\\/\\\/dechilealpaladar.cl\\\/en\\\/deslumbrante-6a-edicion-del-maturana-sunset-festival\\\/#mainImage\",\"width\":962,\"height\":630,\"caption\":\"M\\u00e1s de 3 mil personas disfrutaron de la deslumbrante 6a edici\\u00f3n del Maturana Sunset Festival en Colchagua. Foto Nick Charlesworth\"},\"primaryImageOfPage\":{\"@id\":\"https:\\\/\\\/dechilealpaladar.cl\\\/en\\\/deslumbrante-6a-edicion-del-maturana-sunset-festival\\\/#mainImage\"},\"datePublished\":\"2026-03-12T21:33:44-03:00\",\"dateModified\":\"2026-03-29T17:55:35-03:00\"},{\"@type\":\"WebSite\",\"@id\":\"https:\\\/\\\/dechilealpaladar.cl\\\/en\\\/#website\",\"url\":\"https:\\\/\\\/dechilealpaladar.cl\\\/en\\\/\",\"name\":\"De Chile al Paladar | Noticias del Vino en Chile\",\"alternateName\":\"De Chile al Paladar\",\"description\":\"De Chile al Paladar celebra la cultura del vino, gastronom\\u00eda y enoturismo, ofreciendo noticias, tendencias y rese\\u00f1as con enfoque en el valor del patrimonio vitivin\\u00edcola chileno y la sostenibilidad.\",\"inLanguage\":\"en-GB\",\"publisher\":{\"@id\":\"https:\\\/\\\/dechilealpaladar.cl\\\/en\\\/#organization\"}}]}\n\t\t<\/script>\n\t\t<!-- All in One SEO Pro -->\r\n\t\t<title>Maturana Sunset Festival deslumbra en su 6a edici\u00f3n<\/title>\n\n","aioseo_head_json":{"title":"Maturana Sunset Festival deslumbra en su 6a edici\u00f3n","description":"Con el inicio de marzo y el ambiente de vendimia en el valle de Colchagua, Vi\u00f1a Maturana ubicada en San Fernando, volvi\u00f3 a abrir sus puertas para una nueva edici\u00f3n de su Maturana Sunset Festival, un encuentro que en esta edici\u00f3n convoc\u00f3 a m\u00e1s de 3 mil personas, consolid\u00e1ndose como una propuesta distinta y atractiva","canonical_url":"https:\/\/dechilealpaladar.cl\/en\/deslumbrante-6a-edicion-del-maturana-sunset-festival\/","robots":"max-image-preview:large","keywords":"","webmasterTools":{"google-site-verification":"FwbYXf8NSX7K5fFr17ZmyxG2GPBjQNe6D5Z26IIESJA","p:domain_verify":"b1ea975e07205230074b4f8d7926d7df","miscellaneous":""},"schema":{"@context":"https:\/\/schema.org","@graph":[{"@type":"BlogPosting","@id":"https:\/\/dechilealpaladar.cl\/en\/deslumbrante-6a-edicion-del-maturana-sunset-festival\/#blogposting","name":"Maturana Sunset Festival deslumbra en su 6a edici\u00f3n","headline":"Maturana Sunset Festival deslumbra en su 6a edici\u00f3n","author":{"@id":"https:\/\/dechilealpaladar.cl\/en\/author\/cristy-alvarez\/#author"},"publisher":{"@id":"https:\/\/dechilealpaladar.cl\/en\/#organization"},"image":{"@type":"ImageObject","url":"https:\/\/dechilealpaladar.cl\/wp-content\/uploads\/2026\/03\/mas-de-3-mil-personas-disfrutaron-de-la-deslumbrante-6a-edicion-del-maturana-sunset-festival-en-colchagua-e1773433479251.jpg","width":962,"height":630,"caption":"M\u00e1s de 3 mil personas disfrutaron de la deslumbrante 6a edici\u00f3n del Maturana Sunset Festival en Colchagua. Foto Nick Charlesworth"},"datePublished":"2026-03-12T21:33:44-03:00","dateModified":"2026-03-29T17:55:35-03:00","inLanguage":"en-GB","commentCount":6,"mainEntityOfPage":{"@id":"https:\/\/dechilealpaladar.cl\/en\/deslumbrante-6a-edicion-del-maturana-sunset-festival\/#webpage"},"isPartOf":{"@id":"https:\/\/dechilealpaladar.cl\/en\/deslumbrante-6a-edicion-del-maturana-sunset-festival\/#webpage"},"articleSection":"Enoturismo, Noticias, Vinos, Maturana Sunset Festival, Maturana Winery, San Fernando, Valle de Colchagua, Vinos"},{"@type":"BreadcrumbList","@id":"https:\/\/dechilealpaladar.cl\/en\/deslumbrante-6a-edicion-del-maturana-sunset-festival\/#breadcrumblist","itemListElement":[{"@type":"ListItem","@id":"https:\/\/dechilealpaladar.cl\/en#listItem","position":1,"name":"Home","item":"https:\/\/dechilealpaladar.cl\/en","nextItem":{"@type":"ListItem","@id":"https:\/\/dechilealpaladar.cl\/en\/category\/vinos\/#listItem","name":"Vinos"}},{"@type":"ListItem","@id":"https:\/\/dechilealpaladar.cl\/en\/category\/vinos\/#listItem","position":2,"name":"Vinos","item":"https:\/\/dechilealpaladar.cl\/en\/category\/vinos\/","nextItem":{"@type":"ListItem","@id":"https:\/\/dechilealpaladar.cl\/en\/category\/vinos\/noticias\/#listItem","name":"Noticias"},"previousItem":{"@type":"ListItem","@id":"https:\/\/dechilealpaladar.cl\/en#listItem","name":"Home"}},{"@type":"ListItem","@id":"https:\/\/dechilealpaladar.cl\/en\/category\/vinos\/noticias\/#listItem","position":3,"name":"Noticias","item":"https:\/\/dechilealpaladar.cl\/en\/category\/vinos\/noticias\/","nextItem":{"@type":"ListItem","@id":"https:\/\/dechilealpaladar.cl\/en\/deslumbrante-6a-edicion-del-maturana-sunset-festival\/#listItem","name":"Maturana Sunset Festival deslumbra en su 6a edici\u00f3n"},"previousItem":{"@type":"ListItem","@id":"https:\/\/dechilealpaladar.cl\/en\/category\/vinos\/#listItem","name":"Vinos"}},{"@type":"ListItem","@id":"https:\/\/dechilealpaladar.cl\/en\/deslumbrante-6a-edicion-del-maturana-sunset-festival\/#listItem","position":4,"name":"Maturana Sunset Festival deslumbra en su 6a edici\u00f3n","previousItem":{"@type":"ListItem","@id":"https:\/\/dechilealpaladar.cl\/en\/category\/vinos\/noticias\/#listItem","name":"Noticias"}}]},{"@type":"Organization","@id":"https:\/\/dechilealpaladar.cl\/en\/#organization","name":"De Chile al Paladar","description":"De Chile al Paladar es una plataforma dedicada a celebrar y promover la cultura del vino y la gastronom\u00eda en Chile. Ofrecemos rese\u00f1as de vinos, maridajes, tendencias, noticias y panoramas, destacando tanto los vinos tradicionales como los de peque\u00f1os productores. Inspiramos a amantes del vino y la buena mesa a descubrir catas, ferias y las riquezas de la gastronom\u00eda chilena.","url":"https:\/\/dechilealpaladar.cl\/en\/","email":"equipo@dechilealpaladar.cl","telephone":"+56976152439","foundingDate":"2025-03-01","numberOfEmployees":{"@type":"QuantitativeValue","minValue":0,"maxValue":10},"logo":{"@type":"ImageObject","url":"https:\/\/dechilealpaladar.cl\/wp-content\/uploads\/2024\/11\/De_Chile_al_Paladar_Logo_Color-1.png","@id":"https:\/\/dechilealpaladar.cl\/en\/deslumbrante-6a-edicion-del-maturana-sunset-festival\/#organizationLogo","width":310,"height":200,"caption":"DeChileAlPaladar"},"image":{"@id":"https:\/\/dechilealpaladar.cl\/en\/deslumbrante-6a-edicion-del-maturana-sunset-festival\/#organizationLogo"},"sameAs":["https:\/\/facebook.com\/dechilealpaladar","https:\/\/instagram.com\/dechilealpaladar","https:\/\/youtube.com\/dechilealpaladar","https:\/\/linkedin.com\/in\/dechilealpaladar"]},{"@type":"Person","@id":"https:\/\/dechilealpaladar.cl\/en\/author\/cristy-alvarez\/#author","url":"https:\/\/dechilealpaladar.cl\/en\/author\/cristy-alvarez\/","name":"Cristy \u00c1lvarez","image":{"@type":"ImageObject","url":"https:\/\/dechilealpaladar.cl\/wp-content\/uploads\/2024\/12\/cristy_alvarez_vino-mujeres.jpg"},"sameAs":["https:\/\/www.facebook.com\/CristyAlvarezG\/","https:\/\/www.instagram.com\/vinolacristy\/"],"description":"Cristina \u00c1lvarez G., periodista y sommelier chilena. Desde 2024 es presidenta de MUV Chile, abogando por la visibilidad de sus integrantes, propiciando unidas alianzas y acciones diversas en torno a la promoci\u00f3n de la cultura del vino chileno.","knowsLanguage":["Spanish","English"]},{"@type":"WebPage","@id":"https:\/\/dechilealpaladar.cl\/en\/deslumbrante-6a-edicion-del-maturana-sunset-festival\/#webpage","url":"https:\/\/dechilealpaladar.cl\/en\/deslumbrante-6a-edicion-del-maturana-sunset-festival\/","name":"Maturana Sunset Festival deslumbra en su 6a edici\u00f3n","description":"Con el inicio de marzo y el ambiente de vendimia en el valle de Colchagua, Vi\u00f1a Maturana ubicada en San Fernando, volvi\u00f3 a abrir sus puertas para una nueva edici\u00f3n de su Maturana Sunset Festival, un encuentro que en esta edici\u00f3n convoc\u00f3 a m\u00e1s de 3 mil personas, consolid\u00e1ndose como una propuesta distinta y atractiva","inLanguage":"en-GB","isPartOf":{"@id":"https:\/\/dechilealpaladar.cl\/en\/#website"},"breadcrumb":{"@id":"https:\/\/dechilealpaladar.cl\/en\/deslumbrante-6a-edicion-del-maturana-sunset-festival\/#breadcrumblist"},"author":{"@id":"https:\/\/dechilealpaladar.cl\/en\/author\/cristy-alvarez\/#author"},"creator":{"@id":"https:\/\/dechilealpaladar.cl\/en\/author\/cristy-alvarez\/#author"},"image":{"@type":"ImageObject","url":"https:\/\/dechilealpaladar.cl\/wp-content\/uploads\/2026\/03\/mas-de-3-mil-personas-disfrutaron-de-la-deslumbrante-6a-edicion-del-maturana-sunset-festival-en-colchagua-e1773433479251.jpg","@id":"https:\/\/dechilealpaladar.cl\/en\/deslumbrante-6a-edicion-del-maturana-sunset-festival\/#mainImage","width":962,"height":630,"caption":"M\u00e1s de 3 mil personas disfrutaron de la deslumbrante 6a edici\u00f3n del Maturana Sunset Festival en Colchagua. Foto Nick Charlesworth"},"primaryImageOfPage":{"@id":"https:\/\/dechilealpaladar.cl\/en\/deslumbrante-6a-edicion-del-maturana-sunset-festival\/#mainImage"},"datePublished":"2026-03-12T21:33:44-03:00","dateModified":"2026-03-29T17:55:35-03:00"},{"@type":"WebSite","@id":"https:\/\/dechilealpaladar.cl\/en\/#website","url":"https:\/\/dechilealpaladar.cl\/en\/","name":"De Chile al Paladar | Noticias del Vino en Chile","alternateName":"De Chile al Paladar","description":"De Chile al Paladar celebra la cultura del vino, gastronom\u00eda y enoturismo, ofreciendo noticias, tendencias y rese\u00f1as con enfoque en el valor del patrimonio vitivin\u00edcola chileno y la sostenibilidad.","inLanguage":"en-GB","publisher":{"@id":"https:\/\/dechilealpaladar.cl\/en\/#organization"}}]},"og:locale":"en_GB","og:site_name":"De Chile al Paladar | Noticias del Vino en Chile - De Chile al Paladar celebra la cultura del vino, gastronom\u00eda y enoturismo, ofreciendo noticias, tendencias y rese\u00f1as con enfoque en el valor del patrimonio vitivin\u00edcola chileno y la sostenibilidad.","og:type":"article","og:title":"Maturana Sunset Festival deslumbra en su 6a edici\u00f3n","og:description":"Con el inicio de marzo y el ambiente de vendimia en el valle de Colchagua, Vi\u00f1a Maturana ubicada en San Fernando, volvi\u00f3 a abrir sus puertas para una nueva edici\u00f3n de su Maturana Sunset Festival, un encuentro que en esta edici\u00f3n convoc\u00f3 a m\u00e1s de 3 mil personas, consolid\u00e1ndose como una propuesta distinta y atractiva","og:url":"https:\/\/dechilealpaladar.cl\/en\/deslumbrante-6a-edicion-del-maturana-sunset-festival\/","og:image":"https:\/\/dechilealpaladar.cl\/wp-content\/uploads\/2026\/03\/mas-de-3-mil-personas-disfrutaron-de-la-deslumbrante-6a-edicion-del-maturana-sunset-festival-en-colchagua-e1773433479251.jpg","og:image:secure_url":"https:\/\/dechilealpaladar.cl\/wp-content\/uploads\/2026\/03\/mas-de-3-mil-personas-disfrutaron-de-la-deslumbrante-6a-edicion-del-maturana-sunset-festival-en-colchagua-e1773433479251.jpg","og:image:width":962,"og:image:height":630,"article:published_time":"2026-03-13T00:33:44+00:00","article:modified_time":"2026-03-29T20:55:35+00:00","article:publisher":"https:\/\/facebook.com\/dechilealpaladar","article:author":"https:\/\/www.facebook.com\/CristyAlvarezG\/","twitter:card":"summary_large_image","twitter:title":"Maturana Sunset Festival deslumbra en su 6a edici\u00f3n","twitter:description":"Con el inicio de marzo y el ambiente de vendimia en el valle de Colchagua, Vi\u00f1a Maturana ubicada en San Fernando, volvi\u00f3 a abrir sus puertas para una nueva edici\u00f3n de su Maturana Sunset Festival, un encuentro que en esta edici\u00f3n convoc\u00f3 a m\u00e1s de 3 mil personas, consolid\u00e1ndose como una propuesta distinta y atractiva","twitter:image":"https:\/\/dechilealpaladar.cl\/wp-content\/uploads\/2026\/03\/mas-de-3-mil-personas-disfrutaron-de-la-deslumbrante-6a-edicion-del-maturana-sunset-festival-en-colchagua-e1773433479251.jpg"},"aioseo_meta_data":{"post_id":"5078","title":null,"description":null,"keywords":null,"keyphrases":{"focus":{"keyphrase":"","score":0,"analysis":{"keyphraseInTitle":{"score":0,"maxScore":9,"error":1}}},"additional":[]},"primary_term":null,"canonical_url":null,"og_title":null,"og_description":null,"og_object_type":"default","og_image_type":"default","og_image_url":null,"og_image_width":null,"og_image_height":null,"og_image_custom_url":null,"og_image_custom_fields":null,"og_video":"","og_custom_url":null,"og_article_section":null,"og_article_tags":null,"twitter_use_og":false,"twitter_card":"default","twitter_image_type":"default","twitter_image_url":null,"twitter_image_custom_url":null,"twitter_image_custom_fields":null,"twitter_title":null,"twitter_description":null,"schema":{"blockGraphs":[],"customGraphs":[],"default":{"data":{"Article":[],"Course":[],"Dataset":[],"FAQPage":[],"Movie":[],"Person":[],"Product":[],"ProductReview":[],"Car":[],"Recipe":[],"Service":[],"SoftwareApplication":[],"WebPage":[]},"graphName":"BlogPosting","isEnabled":true},"graphs":[]},"schema_type":"default","schema_type_options":null,"pillar_content":false,"robots_default":true,"robots_noindex":false,"robots_noarchive":false,"robots_nosnippet":false,"robots_nofollow":false,"robots_noimageindex":false,"robots_noodp":false,"robots_notranslate":false,"robots_max_snippet":"-1","robots_max_videopreview":"-1","robots_max_imagepreview":"large","priority":null,"frequency":"default","local_seo":null,"seo_analyzer_scan_date":"2026-03-29 20:56:14","breadcrumb_settings":null,"limit_modified_date":false,"reviewed_by":"0","open_ai":null,"ai":{"faqs":[],"keyPoints":[],"titles":[],"descriptions":[],"socialPosts":{"email":[],"linkedin":[],"twitter":[],"facebook":[],"instagram":[]}},"created":"2026-03-01 19:57:50","updated":"2026-03-29 20:56:14"},"aioseo_breadcrumb":"<div class=\"aioseo-breadcrumbs\"><span class=\"aioseo-breadcrumb\">\n\t<a href=\"https:\/\/dechilealpaladar.cl\/en\" title=\"Home\">Home<\/a>\n<\/span><span class=\"aioseo-breadcrumb-separator\">\u00bb<\/span><span class=\"aioseo-breadcrumb\">\n\t<a href=\"https:\/\/dechilealpaladar.cl\/en\/category\/vinos\/\" title=\"Vinos\">Vinos<\/a>\n<\/span><span class=\"aioseo-breadcrumb-separator\">\u00bb<\/span><span class=\"aioseo-breadcrumb\">\n\t<a href=\"https:\/\/dechilealpaladar.cl\/en\/category\/vinos\/noticias\/\" title=\"Noticias\">Noticias<\/a>\n<\/span><span class=\"aioseo-breadcrumb-separator\">\u00bb<\/span><span class=\"aioseo-breadcrumb\">\n\tMaturana Sunset Festival deslumbra en su 6a edici\u00f3n\n<\/span><\/div>","aioseo_breadcrumb_json":[{"label":"Home","link":"https:\/\/dechilealpaladar.cl\/en"},{"label":"Vinos","link":"https:\/\/dechilealpaladar.cl\/en\/category\/vinos\/"},{"label":"Noticias","link":"https:\/\/dechilealpaladar.cl\/en\/category\/vinos\/noticias\/"},{"label":"Maturana Sunset Festival deslumbra en su 6a edici\u00f3n","link":"https:\/\/dechilealpaladar.cl\/en\/deslumbrante-6a-edicion-del-maturana-sunset-festival\/"}],"_links":{"self":[{"href":"https:\/\/dechilealpaladar.cl\/en\/wp-json\/wp\/v2\/posts\/5078","targetHints":{"allow":["GET"]}}],"collection":[{"href":"https:\/\/dechilealpaladar.cl\/en\/wp-json\/wp\/v2\/posts"}],"about":[{"href":"https:\/\/dechilealpaladar.cl\/en\/wp-json\/wp\/v2\/types\/post"}],"author":[{"embeddable":true,"href":"https:\/\/dechilealpaladar.cl\/en\/wp-json\/wp\/v2\/users\/3"}],"replies":[{"embeddable":true,"href":"https:\/\/dechilealpaladar.cl\/en\/wp-json\/wp\/v2\/comments?post=5078"}],"version-history":[{"count":14,"href":"https:\/\/dechilealpaladar.cl\/en\/wp-json\/wp\/v2\/posts\/5078\/revisions"}],"predecessor-version":[{"id":5252,"href":"https:\/\/dechilealpaladar.cl\/en\/wp-json\/wp\/v2\/posts\/5078\/revisions\/5252"}],"wp:featuredmedia":[{"embeddable":true,"href":"https:\/\/dechilealpaladar.cl\/en\/wp-json\/wp\/v2\/media\/5211"}],"wp:attachment":[{"href":"https:\/\/dechilealpaladar.cl\/en\/wp-json\/wp\/v2\/media?parent=5078"}],"wp:term":[{"taxonomy":"category","embeddable":true,"href":"https:\/\/dechilealpaladar.cl\/en\/wp-json\/wp\/v2\/categories?post=5078"},{"taxonomy":"post_tag","embeddable":true,"href":"https:\/\/dechilealpaladar.cl\/en\/wp-json\/wp\/v2\/tags?post=5078"}],"curies":[{"name":"wp","href":"https:\/\/api.w.org\/{rel}","templated":true}]}}