{"id":5197,"date":"2026-03-10T11:34:28","date_gmt":"2026-03-10T14:34:28","guid":{"rendered":"https:\/\/dechilealpaladar.cl\/?p=5197"},"modified":"2026-03-16T11:57:52","modified_gmt":"2026-03-16T14:57:52","slug":"curico-lanza-xxxvii-fiesta-de-la-vendimia-con-sello-oficial","status":"publish","type":"post","link":"https:\/\/dechilealpaladar.cl\/en\/curico-lanza-xxxvii-fiesta-de-la-vendimia-con-sello-oficial\/","title":{"rendered":"Curic\u00f3 lanza XXXVII Fiesta de la Vendimia con Sello oficial"},"content":{"rendered":"<p>Curic\u00f3 vuelve a marcar pauta en el calendario vitivin\u00edcola nacional con la realizaci\u00f3n de la XXXVII edici\u00f3n de la Fiesta de la Vendimia, organizada conjuntamente por la I. Municipalidad de Curic\u00f3, la Corporaci\u00f3n Cultural Curic\u00f3 y la Ruta del Vino Curic\u00f3.<\/p>\n<p>Una celebraci\u00f3n que, a casi cuatro d\u00e9cadas de su creaci\u00f3n, reafirma su posici\u00f3n como la m\u00e1s antigua y una de las m\u00e1s convocantes del pa\u00eds.<\/p>\n<p>En 2025, la fiesta dio un paso estrat\u00e9gico al convertirse en una de las ocho vendimias a nivel nacional que cuentan con el Sello Vendimia, reconocimiento otorgado por Enoturismo Chile a aquellos eventos que cumplen est\u00e1ndares de calidad organizativa, identidad territorial y experiencia para el visitante.<\/p>\n<p>La actual edici\u00f3n, que se realizar\u00e1 los pr\u00f3ximos <strong>20, 21 y 22 de marzo de 2026,<\/strong> se llevar\u00e1 por segundo a\u00f1o en el Parque La Granja, nueva locaci\u00f3n estrenada en su versi\u00f3n anterior con mucho \u00e9xito, ya que permiti\u00f3 no solo ampliar la capacidad del evento, tambi\u00e9n consolidar un entorno m\u00e1s seguro y funcional, como un verdadero paseo familiar.<\/p>\n<p>El cambio fue ampliamente valorado por el p\u00fablico, reforzando el car\u00e1cter ciudadano y transversal de la celebraci\u00f3n.<\/p>\n<p>Adem\u00e1s, la versi\u00f3n 2026 vuelve incorporar un componente internacional relevante: <em>M\u00e9xico es el pa\u00eds invitado<\/em>, fortaleciendo el intercambio cultural y vitivin\u00edcola entre ambos territorios y proyectando al Valle de Curic\u00f3 en un escenario global.<\/p>\n<figure id=\"attachment_5199\" aria-describedby=\"caption-attachment-5199\" style=\"width: 1160px\" class=\"wp-caption alignnone\"><img fetchpriority=\"high\" decoding=\"async\" class=\"size-full wp-image-5199\" src=\"https:\/\/dechilealpaladar.cl\/wp-content\/uploads\/2026\/03\/la-fuente-del-vino-es-uno-de-los-hitos-tradicionales-de-la-fiesta-de-la-vendimia-con-500-litros-que-se-compartiran-con-la-comunidad.jpg\" alt=\"La Fuente del Vino es uno de los hitos tradicionales de la Fiesta de la Vendimia con 500 litros que se compartir\u00e1n con la comunidad. Foto: Ruta del Vino Curic\u00f3.\" width=\"1160\" height=\"760\" srcset=\"https:\/\/dechilealpaladar.cl\/wp-content\/uploads\/2026\/03\/la-fuente-del-vino-es-uno-de-los-hitos-tradicionales-de-la-fiesta-de-la-vendimia-con-500-litros-que-se-compartiran-con-la-comunidad.jpg 1160w, https:\/\/dechilealpaladar.cl\/wp-content\/uploads\/2026\/03\/la-fuente-del-vino-es-uno-de-los-hitos-tradicionales-de-la-fiesta-de-la-vendimia-con-500-litros-que-se-compartiran-con-la-comunidad-300x197.jpg 300w, https:\/\/dechilealpaladar.cl\/wp-content\/uploads\/2026\/03\/la-fuente-del-vino-es-uno-de-los-hitos-tradicionales-de-la-fiesta-de-la-vendimia-con-500-litros-que-se-compartiran-con-la-comunidad-1024x671.jpg 1024w, https:\/\/dechilealpaladar.cl\/wp-content\/uploads\/2026\/03\/la-fuente-del-vino-es-uno-de-los-hitos-tradicionales-de-la-fiesta-de-la-vendimia-con-500-litros-que-se-compartiran-con-la-comunidad-768x503.jpg 768w, https:\/\/dechilealpaladar.cl\/wp-content\/uploads\/2026\/03\/la-fuente-del-vino-es-uno-de-los-hitos-tradicionales-de-la-fiesta-de-la-vendimia-con-500-litros-que-se-compartiran-con-la-comunidad-18x12.jpg 18w, https:\/\/dechilealpaladar.cl\/wp-content\/uploads\/2026\/03\/la-fuente-del-vino-es-uno-de-los-hitos-tradicionales-de-la-fiesta-de-la-vendimia-con-500-litros-que-se-compartiran-con-la-comunidad-750x491.jpg 750w, https:\/\/dechilealpaladar.cl\/wp-content\/uploads\/2026\/03\/la-fuente-del-vino-es-uno-de-los-hitos-tradicionales-de-la-fiesta-de-la-vendimia-con-500-litros-que-se-compartiran-con-la-comunidad-1140x747.jpg 1140w\" sizes=\"(max-width: 1160px) 100vw, 1160px\" \/><figcaption id=\"caption-attachment-5199\" class=\"wp-caption-text\">La Fuente del Vino es uno de los hitos tradicionales de la Fiesta de la Vendimia con 500 litros que se compartir\u00e1n con la comunidad. Foto: Ruta del Vino Curic\u00f3.<\/figcaption><\/figure>\n<h4>Celebraci\u00f3n con historia<\/h4>\n<p>Una tradici\u00f3n que comenz\u00f3 hace 40 a\u00f1os, pues la Fiesta de la Vendimia Curic\u00f3 naci\u00f3 en 1986 impulsada por el en\u00f3logo espa\u00f1ol Miguel A. Torres &#8211; quien por cierto acompa\u00f1ar\u00e1 esta importante celebraci\u00f3n para el mundo del vino -, con la visi\u00f3n de integrar tradiciones chilenas y espa\u00f1olas en torno al vino.<\/p>\n<p>Con el paso de las d\u00e9cadas, se transform\u00f3 en la celebraci\u00f3n vitivin\u00edcola m\u00e1s antigua del pa\u00eds y en uno de los eventos m\u00e1s concurridos del calendario nacional.<\/p>\n<p>La XXXVII versi\u00f3n promete un gran espacio cultural, gastron\u00f3mico y artesanal para toda la comunidad, destacando la gran <strong>Plaza del Vino<\/strong><strong>,<\/strong> donde estar\u00e1n presentes gran parte de las vi\u00f1as de la zona junto a una variada oferta culinaria y muestras de artesan\u00eda local.<\/p>\n<p>Este a\u00f1o, durante las tres jornadas, la fiesta reunir\u00e1 a vi\u00f1as socias de la Ruta del Vino Curic\u00f3 como <strong>Aresti, Requingua, Miguel Torres, Korta, Ra\u00edces, Vi\u00f1edos Puertas, Valdivieso, San Pedro, AltaCima, Pajo Wine y Vin\u00edcola Patac\u00f3n<\/strong>, las que, junto a otras bodegas invitadas de la Regi\u00f3n del Maule, ofrecer\u00e1n degustaciones y venta directa reafirmando el compromiso del sector con esta gran fiesta ciudadana.<\/p>\n<p>Adem\u00e1s, la ya conocida un Barra de Vinos Premium tendr\u00e1 novedosas activaciones gastron\u00f3micas y culturales que sorprender\u00e1n a todos los visitantes.<\/p>\n<p>A ello se suman, un escenario folcl\u00f3rico con conocidas agrupaciones locales, junto con espect\u00e1culos de nivel nacional e internacional a cargo de artistas como <strong>Pedro Aznar, Los Bunkers, Jorge Al\u00eds, Santa Feria y Mar\u00eda Jos\u00e9 Quintanilla<\/strong>, consolidando una parrilla de alto nivel y transversal.<\/p>\n<p>La celebraci\u00f3n incluye tambi\u00e9n gastronom\u00eda local, folclor y artesan\u00eda t\u00edpica y de alto nivel, todo pensado en la entretenci\u00f3n de toda la familia, consolidando un evento transversal que combina tradici\u00f3n y proyecci\u00f3n global.<\/p>\n<figure id=\"attachment_5200\" aria-describedby=\"caption-attachment-5200\" style=\"width: 1160px\" class=\"wp-caption alignnone\"><img decoding=\"async\" class=\"size-full wp-image-5200\" src=\"https:\/\/dechilealpaladar.cl\/wp-content\/uploads\/2026\/03\/la-xxxvii-fiesta-de-la-vendimia-curico-2026-tendra-un-gran-espacio-cultural-gastronomico-y-artesanal-destacando-a-la-gran-plaza-del-vino.jpg\" alt=\"La XXXVII Fiesta de la Vendimia Curic\u00f3 2026 tendr\u00e1 un gran espacio cultural gastron\u00f3mico y artesanal destacando a la gran Plaza del Vino. Foto Miguel Torres Chile.\" width=\"1160\" height=\"760\" srcset=\"https:\/\/dechilealpaladar.cl\/wp-content\/uploads\/2026\/03\/la-xxxvii-fiesta-de-la-vendimia-curico-2026-tendra-un-gran-espacio-cultural-gastronomico-y-artesanal-destacando-a-la-gran-plaza-del-vino.jpg 1160w, https:\/\/dechilealpaladar.cl\/wp-content\/uploads\/2026\/03\/la-xxxvii-fiesta-de-la-vendimia-curico-2026-tendra-un-gran-espacio-cultural-gastronomico-y-artesanal-destacando-a-la-gran-plaza-del-vino-300x197.jpg 300w, https:\/\/dechilealpaladar.cl\/wp-content\/uploads\/2026\/03\/la-xxxvii-fiesta-de-la-vendimia-curico-2026-tendra-un-gran-espacio-cultural-gastronomico-y-artesanal-destacando-a-la-gran-plaza-del-vino-1024x671.jpg 1024w, https:\/\/dechilealpaladar.cl\/wp-content\/uploads\/2026\/03\/la-xxxvii-fiesta-de-la-vendimia-curico-2026-tendra-un-gran-espacio-cultural-gastronomico-y-artesanal-destacando-a-la-gran-plaza-del-vino-768x503.jpg 768w, https:\/\/dechilealpaladar.cl\/wp-content\/uploads\/2026\/03\/la-xxxvii-fiesta-de-la-vendimia-curico-2026-tendra-un-gran-espacio-cultural-gastronomico-y-artesanal-destacando-a-la-gran-plaza-del-vino-18x12.jpg 18w, https:\/\/dechilealpaladar.cl\/wp-content\/uploads\/2026\/03\/la-xxxvii-fiesta-de-la-vendimia-curico-2026-tendra-un-gran-espacio-cultural-gastronomico-y-artesanal-destacando-a-la-gran-plaza-del-vino-750x491.jpg 750w, https:\/\/dechilealpaladar.cl\/wp-content\/uploads\/2026\/03\/la-xxxvii-fiesta-de-la-vendimia-curico-2026-tendra-un-gran-espacio-cultural-gastronomico-y-artesanal-destacando-a-la-gran-plaza-del-vino-1140x747.jpg 1140w\" sizes=\"(max-width: 1160px) 100vw, 1160px\" \/><figcaption id=\"caption-attachment-5200\" class=\"wp-caption-text\">La XXXVII Fiesta de la Vendimia Curic\u00f3 2026 tendr\u00e1 un gran espacio cultural gastron\u00f3mico y artesanal destacando a la gran Plaza del Vino. Foto Miguel Torres Chile.<\/figcaption><\/figure>\n<h4>Relevando la identidad<\/h4>\n<p>Como parte de sus hitos tradicionales, la Fiesta de la Vendimia Curic\u00f3 mantiene rituales profundamente arraigados en la identidad local:<\/p>\n<ul>\n<li><strong>Elecci\u00f3n de la Reina de la Vendimia<\/strong> y su tradicional pesaje con botellas de vino.<\/li>\n<li><strong>Nombramiento de la Madrina de la Vendimia,<\/strong> a quien se le obsequia el tradicional Cata Vinos de plata.<\/li>\n<li><strong>El Preg\u00f3n del Vino<\/strong>, que este a\u00f1o estar\u00e1 a cargo del reconocido chef Guillermo Rodr\u00edguez<strong>,<\/strong> representante de la Asociaci\u00f3n Les Toques Blanches, quien dar\u00e1 el puntapi\u00e9 inicial a esta gran fiesta ciudadana.<\/li>\n<li><strong>Bendici\u00f3n del Primer Mosto<\/strong>.<\/li>\n<li><strong>Competencia de Pisadores de Uva<\/strong>.<\/li>\n<li><strong>Fuente del Vino<\/strong> con 500 litros que se compartir\u00e1n con la comunidad.<\/li>\n<\/ul>\n<p>La XXXVII edici\u00f3n de la celebraci\u00f3n se proyecta como una verdadera celebraci\u00f3n de nuestras ra\u00edces chilenas, nuestra gente y, por supuesto, del vino que nos une.<\/p>\n<p>As\u00ed, con casi cuatro d\u00e9cadas de historia, Sello Vendimia otorgado por Enoturismo Chile y una mirada internacional que se fortalece a\u00f1o a a\u00f1o, la Fiesta de la Vendimia Curic\u00f3 reafirma su rol como capital hist\u00f3rica de las vendimias en Chile.<\/p>\n<p>\ud83d\udcc5 20, 21 y 22 de marzo de 2026.<br \/>\n\ud83d\udccd Parque La Granja, Curic\u00f3.<br \/>\n\ud83c\udf9f\ufe0f Entrada liberada. <a target=\"_blank\" rel=\"noopener\" href=\"https:\/\/home.enoticket.cl\/es\/Eventos\/ruta-del-vino-curico\">Aqu\u00ed puedes reservar la compra de tu copa.<\/a><\/p>\n<p>M\u00e1s informaci\u00f3n sobre programaci\u00f3n y venta de copas en <a target=\"_blank\" rel=\"noopener\" href=\"http:\/\/www.rutadelvinocurico.cl\">www.rutadelvinocurico.cl<\/a> y en <a target=\"_blank\" rel=\"noopener\" href=\"https:\/\/www.instagram.com\/rutadelvinocurico\/\">@rutadelvinocurico<\/a>.<\/p>\n<p>Conoce m\u00e1s contenidos en <a href=\"https:\/\/dechilealpaladar.cl\/en\/montes-festin-en-las-laderas-llega-con-mallmann-a-apalta\/\">\u201cMontes: Fest\u00edn en las Laderas\u201d llega con Mallmann a Apalta<\/a>.<\/p>","protected":false},"excerpt":{"rendered":"<p>Curic\u00f3 vuelve a marcar pauta en el calendario vitivin\u00edcola nacional con la realizaci\u00f3n de la XXXVII edici\u00f3n de la Fiesta de la Vendimia, organizada conjuntamente por la I. Municipalidad de Curic\u00f3, la Corporaci\u00f3n Cultural Curic\u00f3 y la Ruta del Vino Curic\u00f3. Una celebraci\u00f3n que, a casi cuatro d\u00e9cadas de su creaci\u00f3n, reafirma su posici\u00f3n como [&hellip;]<\/p>\n","protected":false},"author":2,"featured_media":5198,"comment_status":"open","ping_status":"closed","sticky":false,"template":"","format":"standard","meta":{"jnews-multi-image_gallery":[],"jnews_single_post":{"format":"standard","override":[{"template":"1","parallax":"1","fullscreen":"1","layout":"right-sidebar","sidebar":"sidebar-single-post","second_sidebar":"default-sidebar","sticky_sidebar":"1","share_position":"top","share_float_style":"share-monocrhome","show_view_counter":"1","show_featured":"1","show_post_meta":"1","show_post_author":"1","show_post_author_image":"1","show_post_date":"1","post_date_format":"default","post_date_format_custom":"Y\/m\/d","show_post_category":"1","show_post_reading_time":"1","post_reading_time_wpm":"300","post_calculate_word_method":"str_word_count","show_zoom_button":"1","zoom_button_out_step":"2","zoom_button_in_step":"3","show_post_tag":"1","show_prev_next_post":"1","show_popup_post":"1","show_comment_section":"1","number_popup_post":"1","show_author_box":"1","show_post_related":"1"}],"image_override":[{"single_post_thumbnail_size":"crop-500","single_post_gallery_size":"crop-500"}],"trending_post_position":"meta","trending_post_label":"Trending","sponsored_post_label":"Sponsored by","disable_ad":"0","subtitle":"Este a\u00f1o vuelve a realizarse en el Parque La Granja para honrar a la nueva cosecha, reafirmando su rol como capital hist\u00f3rica de las vendimias en el pa\u00eds y consolidando su liderazgo nacional al ser una de las ocho celebraciones del pa\u00eds con Sello Vendimia de Enoturismo Chile."},"jnews_primary_category":[],"jnews_review":[],"enable_review":"","type":"percentage","name":"","summary":"","brand":"","sku":"","good":[],"bad":[],"score_override":"","override_value":"","rating":[],"price":[],"jnews_override_counter":{"view_counter_number":"0","share_counter_number":"0","like_counter_number":"0","dislike_counter_number":"0"},"footnotes":""},"categories":[42,6,255,11],"tags":[273,58,275,253,16],"class_list":["post-5197","post","type-post","status-publish","format-standard","has-post-thumbnail","hentry","category-enoturismo","category-noticias","category-rutas-del-vino","category-vinos","tag-fiesta-de-la-vendimia-curico-2026","tag-ruta-del-vino-curico","tag-sello-vendimia-enoturismo-chile","tag-vendimia-2026","tag-vinos"],"aioseo_notices":[],"aioseo_head":"\n\t\t<!-- All in One SEO Pro 4.9.5.2 - aioseo.com -->\n\t<meta name=\"description\" content=\"Curic\u00f3 vuelve a marcar pauta en el calendario vitivin\u00edcola nacional con la realizaci\u00f3n de la XXXVII edici\u00f3n de la Fiesta de la Vendimia, organizada conjuntamente por la I. Municipalidad de Curic\u00f3, la Corporaci\u00f3n Cultural Curic\u00f3 y la Ruta del Vino Curic\u00f3. Una celebraci\u00f3n que, a casi cuatro d\u00e9cadas de su creaci\u00f3n, reafirma su posici\u00f3n como\" \/>\n\t<meta name=\"robots\" content=\"max-image-preview:large\" \/>\n\t<meta name=\"author\" content=\"Equipo de Chile Al Paladar\"\/>\n\t<meta name=\"google-site-verification\" content=\"FwbYXf8NSX7K5fFr17ZmyxG2GPBjQNe6D5Z26IIESJA\" \/>\n\t<meta name=\"p:domain_verify\" content=\"b1ea975e07205230074b4f8d7926d7df\" \/>\n\t<link rel=\"canonical\" href=\"https:\/\/dechilealpaladar.cl\/en\/curico-lanza-xxxvii-fiesta-de-la-vendimia-con-sello-oficial\/\" \/>\n\t<meta name=\"generator\" content=\"All in One SEO Pro (AIOSEO) 4.9.5.2\" \/>\n\t\t<meta property=\"og:locale\" content=\"en_GB\" \/>\n\t\t<meta property=\"og:site_name\" content=\"De Chile al Paladar | Noticias del Vino en Chile - De Chile al Paladar celebra la cultura del vino, gastronom\u00eda y enoturismo, ofreciendo noticias, tendencias y rese\u00f1as con enfoque en el valor del patrimonio vitivin\u00edcola chileno y la sostenibilidad.\" \/>\n\t\t<meta property=\"og:type\" content=\"article\" \/>\n\t\t<meta property=\"og:title\" content=\"Curic\u00f3 lanza XXXVII Fiesta de la Vendimia con Sello oficial\" \/>\n\t\t<meta property=\"og:description\" content=\"Curic\u00f3 vuelve a marcar pauta en el calendario vitivin\u00edcola nacional con la realizaci\u00f3n de la XXXVII edici\u00f3n de la Fiesta de la Vendimia, organizada conjuntamente por la I. Municipalidad de Curic\u00f3, la Corporaci\u00f3n Cultural Curic\u00f3 y la Ruta del Vino Curic\u00f3. Una celebraci\u00f3n que, a casi cuatro d\u00e9cadas de su creaci\u00f3n, reafirma su posici\u00f3n como\" \/>\n\t\t<meta property=\"og:url\" content=\"https:\/\/dechilealpaladar.cl\/en\/curico-lanza-xxxvii-fiesta-de-la-vendimia-con-sello-oficial\/\" \/>\n\t\t<meta property=\"og:image\" content=\"https:\/\/dechilealpaladar.cl\/wp-content\/uploads\/2026\/03\/la-xxxvii-edicion-la-fiesta-de-la-vendimia-curico-reafirma-su-rol-como-capital-historica-de-las-vendimias-en-chile-e1773154792909.jpg\" \/>\n\t\t<meta property=\"og:image:secure_url\" content=\"https:\/\/dechilealpaladar.cl\/wp-content\/uploads\/2026\/03\/la-xxxvii-edicion-la-fiesta-de-la-vendimia-curico-reafirma-su-rol-como-capital-historica-de-las-vendimias-en-chile-e1773154792909.jpg\" \/>\n\t\t<meta property=\"og:image:width\" content=\"962\" \/>\n\t\t<meta property=\"og:image:height\" content=\"630\" \/>\n\t\t<meta property=\"article:published_time\" content=\"2026-03-10T14:34:28+00:00\" \/>\n\t\t<meta property=\"article:modified_time\" content=\"2026-03-16T14:57:52+00:00\" \/>\n\t\t<meta property=\"article:publisher\" content=\"https:\/\/facebook.com\/dechilealpaladar\" \/>\n\t\t<meta name=\"twitter:card\" content=\"summary_large_image\" \/>\n\t\t<meta name=\"twitter:title\" content=\"Curic\u00f3 lanza XXXVII Fiesta de la Vendimia con Sello oficial\" \/>\n\t\t<meta name=\"twitter:description\" content=\"Curic\u00f3 vuelve a marcar pauta en el calendario vitivin\u00edcola nacional con la realizaci\u00f3n de la XXXVII edici\u00f3n de la Fiesta de la Vendimia, organizada conjuntamente por la I. Municipalidad de Curic\u00f3, la Corporaci\u00f3n Cultural Curic\u00f3 y la Ruta del Vino Curic\u00f3. Una celebraci\u00f3n que, a casi cuatro d\u00e9cadas de su creaci\u00f3n, reafirma su posici\u00f3n como\" \/>\n\t\t<meta name=\"twitter:image\" content=\"https:\/\/dechilealpaladar.cl\/wp-content\/uploads\/2026\/03\/la-xxxvii-edicion-la-fiesta-de-la-vendimia-curico-reafirma-su-rol-como-capital-historica-de-las-vendimias-en-chile-e1773154792909.jpg\" \/>\n\t\t<script type=\"application\/ld+json\" class=\"aioseo-schema\">\n\t\t\t{\"@context\":\"https:\\\/\\\/schema.org\",\"@graph\":[{\"@type\":\"BlogPosting\",\"@id\":\"https:\\\/\\\/dechilealpaladar.cl\\\/en\\\/curico-lanza-xxxvii-fiesta-de-la-vendimia-con-sello-oficial\\\/#blogposting\",\"name\":\"Curic\\u00f3 lanza XXXVII Fiesta de la Vendimia con Sello oficial\",\"headline\":\"Curic\\u00f3 lanza XXXVII Fiesta de la Vendimia con Sello oficial\",\"author\":{\"@id\":\"https:\\\/\\\/dechilealpaladar.cl\\\/en\\\/author\\\/equipo-de-chile-al-paladar\\\/#author\"},\"publisher\":{\"@id\":\"https:\\\/\\\/dechilealpaladar.cl\\\/en\\\/#organization\"},\"image\":{\"@type\":\"ImageObject\",\"url\":\"https:\\\/\\\/dechilealpaladar.cl\\\/wp-content\\\/uploads\\\/2026\\\/03\\\/la-xxxvii-edicion-la-fiesta-de-la-vendimia-curico-reafirma-su-rol-como-capital-historica-de-las-vendimias-en-chile-e1773154792909.jpg\",\"width\":962,\"height\":630,\"caption\":\"La XXXVII edici\\u00f3n la Fiesta de la Vendimia Curic\\u00f3 reafirma su rol como capital hist\\u00f3rica de las vendimias en Chile. Foto: Ruta del Vino Curic\\u00f3.\"},\"datePublished\":\"2026-03-10T11:34:28-03:00\",\"dateModified\":\"2026-03-16T11:57:52-03:00\",\"inLanguage\":\"en-GB\",\"mainEntityOfPage\":{\"@id\":\"https:\\\/\\\/dechilealpaladar.cl\\\/en\\\/curico-lanza-xxxvii-fiesta-de-la-vendimia-con-sello-oficial\\\/#webpage\"},\"isPartOf\":{\"@id\":\"https:\\\/\\\/dechilealpaladar.cl\\\/en\\\/curico-lanza-xxxvii-fiesta-de-la-vendimia-con-sello-oficial\\\/#webpage\"},\"articleSection\":\"Enoturismo, Noticias, Rutas del Vino, Vinos, Fiesta de la Vendimia Curic\\u00f3 2026, Ruta del Vino Curic\\u00f3, Sello Vendimia Enoturismo Chile, Vendimia 2026, Vinos\"},{\"@type\":\"BreadcrumbList\",\"@id\":\"https:\\\/\\\/dechilealpaladar.cl\\\/en\\\/curico-lanza-xxxvii-fiesta-de-la-vendimia-con-sello-oficial\\\/#breadcrumblist\",\"itemListElement\":[{\"@type\":\"ListItem\",\"@id\":\"https:\\\/\\\/dechilealpaladar.cl\\\/en#listItem\",\"position\":1,\"name\":\"Home\",\"item\":\"https:\\\/\\\/dechilealpaladar.cl\\\/en\",\"nextItem\":{\"@type\":\"ListItem\",\"@id\":\"https:\\\/\\\/dechilealpaladar.cl\\\/en\\\/category\\\/vinos\\\/#listItem\",\"name\":\"Vinos\"}},{\"@type\":\"ListItem\",\"@id\":\"https:\\\/\\\/dechilealpaladar.cl\\\/en\\\/category\\\/vinos\\\/#listItem\",\"position\":2,\"name\":\"Vinos\",\"item\":\"https:\\\/\\\/dechilealpaladar.cl\\\/en\\\/category\\\/vinos\\\/\",\"nextItem\":{\"@type\":\"ListItem\",\"@id\":\"https:\\\/\\\/dechilealpaladar.cl\\\/en\\\/category\\\/vinos\\\/noticias\\\/#listItem\",\"name\":\"Noticias\"},\"previousItem\":{\"@type\":\"ListItem\",\"@id\":\"https:\\\/\\\/dechilealpaladar.cl\\\/en#listItem\",\"name\":\"Home\"}},{\"@type\":\"ListItem\",\"@id\":\"https:\\\/\\\/dechilealpaladar.cl\\\/en\\\/category\\\/vinos\\\/noticias\\\/#listItem\",\"position\":3,\"name\":\"Noticias\",\"item\":\"https:\\\/\\\/dechilealpaladar.cl\\\/en\\\/category\\\/vinos\\\/noticias\\\/\",\"nextItem\":{\"@type\":\"ListItem\",\"@id\":\"https:\\\/\\\/dechilealpaladar.cl\\\/en\\\/curico-lanza-xxxvii-fiesta-de-la-vendimia-con-sello-oficial\\\/#listItem\",\"name\":\"Curic\\u00f3 lanza XXXVII Fiesta de la Vendimia con Sello oficial\"},\"previousItem\":{\"@type\":\"ListItem\",\"@id\":\"https:\\\/\\\/dechilealpaladar.cl\\\/en\\\/category\\\/vinos\\\/#listItem\",\"name\":\"Vinos\"}},{\"@type\":\"ListItem\",\"@id\":\"https:\\\/\\\/dechilealpaladar.cl\\\/en\\\/curico-lanza-xxxvii-fiesta-de-la-vendimia-con-sello-oficial\\\/#listItem\",\"position\":4,\"name\":\"Curic\\u00f3 lanza XXXVII Fiesta de la Vendimia con Sello oficial\",\"previousItem\":{\"@type\":\"ListItem\",\"@id\":\"https:\\\/\\\/dechilealpaladar.cl\\\/en\\\/category\\\/vinos\\\/noticias\\\/#listItem\",\"name\":\"Noticias\"}}]},{\"@type\":\"Organization\",\"@id\":\"https:\\\/\\\/dechilealpaladar.cl\\\/en\\\/#organization\",\"name\":\"De Chile al Paladar\",\"description\":\"De Chile al Paladar es una plataforma dedicada a celebrar y promover la cultura del vino y la gastronom\\u00eda en Chile. Ofrecemos rese\\u00f1as de vinos, maridajes, tendencias, noticias y panoramas, destacando tanto los vinos tradicionales como los de peque\\u00f1os productores. Inspiramos a amantes del vino y la buena mesa a descubrir catas, ferias y las riquezas de la gastronom\\u00eda chilena.\",\"url\":\"https:\\\/\\\/dechilealpaladar.cl\\\/en\\\/\",\"email\":\"equipo@dechilealpaladar.cl\",\"telephone\":\"+56976152439\",\"foundingDate\":\"2025-03-01\",\"numberOfEmployees\":{\"@type\":\"QuantitativeValue\",\"minValue\":0,\"maxValue\":10},\"logo\":{\"@type\":\"ImageObject\",\"url\":\"https:\\\/\\\/dechilealpaladar.cl\\\/wp-content\\\/uploads\\\/2024\\\/11\\\/De_Chile_al_Paladar_Logo_Color-1.png\",\"@id\":\"https:\\\/\\\/dechilealpaladar.cl\\\/en\\\/curico-lanza-xxxvii-fiesta-de-la-vendimia-con-sello-oficial\\\/#organizationLogo\",\"width\":310,\"height\":200,\"caption\":\"DeChileAlPaladar\"},\"image\":{\"@id\":\"https:\\\/\\\/dechilealpaladar.cl\\\/en\\\/curico-lanza-xxxvii-fiesta-de-la-vendimia-con-sello-oficial\\\/#organizationLogo\"},\"sameAs\":[\"https:\\\/\\\/facebook.com\\\/dechilealpaladar\",\"https:\\\/\\\/instagram.com\\\/dechilealpaladar\",\"https:\\\/\\\/youtube.com\\\/dechilealpaladar\",\"https:\\\/\\\/linkedin.com\\\/in\\\/dechilealpaladar\"]},{\"@type\":\"Person\",\"@id\":\"https:\\\/\\\/dechilealpaladar.cl\\\/en\\\/author\\\/equipo-de-chile-al-paladar\\\/#author\",\"url\":\"https:\\\/\\\/dechilealpaladar.cl\\\/en\\\/author\\\/equipo-de-chile-al-paladar\\\/\",\"name\":\"Equipo de Chile Al Paladar\",\"image\":{\"@type\":\"ImageObject\",\"url\":\"https:\\\/\\\/dechilealpaladar.cl\\\/wp-content\\\/uploads\\\/2025\\\/08\\\/logo_equipo_dcap.png\"}},{\"@type\":\"WebPage\",\"@id\":\"https:\\\/\\\/dechilealpaladar.cl\\\/en\\\/curico-lanza-xxxvii-fiesta-de-la-vendimia-con-sello-oficial\\\/#webpage\",\"url\":\"https:\\\/\\\/dechilealpaladar.cl\\\/en\\\/curico-lanza-xxxvii-fiesta-de-la-vendimia-con-sello-oficial\\\/\",\"name\":\"Curic\\u00f3 lanza XXXVII Fiesta de la Vendimia con Sello oficial\",\"description\":\"Curic\\u00f3 vuelve a marcar pauta en el calendario vitivin\\u00edcola nacional con la realizaci\\u00f3n de la XXXVII edici\\u00f3n de la Fiesta de la Vendimia, organizada conjuntamente por la I. Municipalidad de Curic\\u00f3, la Corporaci\\u00f3n Cultural Curic\\u00f3 y la Ruta del Vino Curic\\u00f3. Una celebraci\\u00f3n que, a casi cuatro d\\u00e9cadas de su creaci\\u00f3n, reafirma su posici\\u00f3n como\",\"inLanguage\":\"en-GB\",\"isPartOf\":{\"@id\":\"https:\\\/\\\/dechilealpaladar.cl\\\/en\\\/#website\"},\"breadcrumb\":{\"@id\":\"https:\\\/\\\/dechilealpaladar.cl\\\/en\\\/curico-lanza-xxxvii-fiesta-de-la-vendimia-con-sello-oficial\\\/#breadcrumblist\"},\"author\":{\"@id\":\"https:\\\/\\\/dechilealpaladar.cl\\\/en\\\/author\\\/equipo-de-chile-al-paladar\\\/#author\"},\"creator\":{\"@id\":\"https:\\\/\\\/dechilealpaladar.cl\\\/en\\\/author\\\/equipo-de-chile-al-paladar\\\/#author\"},\"image\":{\"@type\":\"ImageObject\",\"url\":\"https:\\\/\\\/dechilealpaladar.cl\\\/wp-content\\\/uploads\\\/2026\\\/03\\\/la-xxxvii-edicion-la-fiesta-de-la-vendimia-curico-reafirma-su-rol-como-capital-historica-de-las-vendimias-en-chile-e1773154792909.jpg\",\"@id\":\"https:\\\/\\\/dechilealpaladar.cl\\\/en\\\/curico-lanza-xxxvii-fiesta-de-la-vendimia-con-sello-oficial\\\/#mainImage\",\"width\":962,\"height\":630,\"caption\":\"La XXXVII edici\\u00f3n la Fiesta de la Vendimia Curic\\u00f3 reafirma su rol como capital hist\\u00f3rica de las vendimias en Chile. Foto: Ruta del Vino Curic\\u00f3.\"},\"primaryImageOfPage\":{\"@id\":\"https:\\\/\\\/dechilealpaladar.cl\\\/en\\\/curico-lanza-xxxvii-fiesta-de-la-vendimia-con-sello-oficial\\\/#mainImage\"},\"datePublished\":\"2026-03-10T11:34:28-03:00\",\"dateModified\":\"2026-03-16T11:57:52-03:00\"},{\"@type\":\"WebSite\",\"@id\":\"https:\\\/\\\/dechilealpaladar.cl\\\/en\\\/#website\",\"url\":\"https:\\\/\\\/dechilealpaladar.cl\\\/en\\\/\",\"name\":\"De Chile al Paladar | Noticias del Vino en Chile\",\"alternateName\":\"De Chile al Paladar\",\"description\":\"De Chile al Paladar celebra la cultura del vino, gastronom\\u00eda y enoturismo, ofreciendo noticias, tendencias y rese\\u00f1as con enfoque en el valor del patrimonio vitivin\\u00edcola chileno y la sostenibilidad.\",\"inLanguage\":\"en-GB\",\"publisher\":{\"@id\":\"https:\\\/\\\/dechilealpaladar.cl\\\/en\\\/#organization\"}}]}\n\t\t<\/script>\n\t\t<!-- All in One SEO Pro -->\r\n\t\t<title>Curic\u00f3 lanza XXXVII Fiesta de la Vendimia con Sello oficial<\/title>\n\n","aioseo_head_json":{"title":"Curic\u00f3 lanza XXXVII Fiesta de la Vendimia con Sello oficial","description":"Curic\u00f3 vuelve a marcar pauta en el calendario vitivin\u00edcola nacional con la realizaci\u00f3n de la XXXVII edici\u00f3n de la Fiesta de la Vendimia, organizada conjuntamente por la I. Municipalidad de Curic\u00f3, la Corporaci\u00f3n Cultural Curic\u00f3 y la Ruta del Vino Curic\u00f3. Una celebraci\u00f3n que, a casi cuatro d\u00e9cadas de su creaci\u00f3n, reafirma su posici\u00f3n como","canonical_url":"https:\/\/dechilealpaladar.cl\/en\/curico-lanza-xxxvii-fiesta-de-la-vendimia-con-sello-oficial\/","robots":"max-image-preview:large","keywords":"","webmasterTools":{"google-site-verification":"FwbYXf8NSX7K5fFr17ZmyxG2GPBjQNe6D5Z26IIESJA","p:domain_verify":"b1ea975e07205230074b4f8d7926d7df","miscellaneous":""},"schema":{"@context":"https:\/\/schema.org","@graph":[{"@type":"BlogPosting","@id":"https:\/\/dechilealpaladar.cl\/en\/curico-lanza-xxxvii-fiesta-de-la-vendimia-con-sello-oficial\/#blogposting","name":"Curic\u00f3 lanza XXXVII Fiesta de la Vendimia con Sello oficial","headline":"Curic\u00f3 lanza XXXVII Fiesta de la Vendimia con Sello oficial","author":{"@id":"https:\/\/dechilealpaladar.cl\/en\/author\/equipo-de-chile-al-paladar\/#author"},"publisher":{"@id":"https:\/\/dechilealpaladar.cl\/en\/#organization"},"image":{"@type":"ImageObject","url":"https:\/\/dechilealpaladar.cl\/wp-content\/uploads\/2026\/03\/la-xxxvii-edicion-la-fiesta-de-la-vendimia-curico-reafirma-su-rol-como-capital-historica-de-las-vendimias-en-chile-e1773154792909.jpg","width":962,"height":630,"caption":"La XXXVII edici\u00f3n la Fiesta de la Vendimia Curic\u00f3 reafirma su rol como capital hist\u00f3rica de las vendimias en Chile. Foto: Ruta del Vino Curic\u00f3."},"datePublished":"2026-03-10T11:34:28-03:00","dateModified":"2026-03-16T11:57:52-03:00","inLanguage":"en-GB","mainEntityOfPage":{"@id":"https:\/\/dechilealpaladar.cl\/en\/curico-lanza-xxxvii-fiesta-de-la-vendimia-con-sello-oficial\/#webpage"},"isPartOf":{"@id":"https:\/\/dechilealpaladar.cl\/en\/curico-lanza-xxxvii-fiesta-de-la-vendimia-con-sello-oficial\/#webpage"},"articleSection":"Enoturismo, Noticias, Rutas del Vino, Vinos, Fiesta de la Vendimia Curic\u00f3 2026, Ruta del Vino Curic\u00f3, Sello Vendimia Enoturismo Chile, Vendimia 2026, Vinos"},{"@type":"BreadcrumbList","@id":"https:\/\/dechilealpaladar.cl\/en\/curico-lanza-xxxvii-fiesta-de-la-vendimia-con-sello-oficial\/#breadcrumblist","itemListElement":[{"@type":"ListItem","@id":"https:\/\/dechilealpaladar.cl\/en#listItem","position":1,"name":"Home","item":"https:\/\/dechilealpaladar.cl\/en","nextItem":{"@type":"ListItem","@id":"https:\/\/dechilealpaladar.cl\/en\/category\/vinos\/#listItem","name":"Vinos"}},{"@type":"ListItem","@id":"https:\/\/dechilealpaladar.cl\/en\/category\/vinos\/#listItem","position":2,"name":"Vinos","item":"https:\/\/dechilealpaladar.cl\/en\/category\/vinos\/","nextItem":{"@type":"ListItem","@id":"https:\/\/dechilealpaladar.cl\/en\/category\/vinos\/noticias\/#listItem","name":"Noticias"},"previousItem":{"@type":"ListItem","@id":"https:\/\/dechilealpaladar.cl\/en#listItem","name":"Home"}},{"@type":"ListItem","@id":"https:\/\/dechilealpaladar.cl\/en\/category\/vinos\/noticias\/#listItem","position":3,"name":"Noticias","item":"https:\/\/dechilealpaladar.cl\/en\/category\/vinos\/noticias\/","nextItem":{"@type":"ListItem","@id":"https:\/\/dechilealpaladar.cl\/en\/curico-lanza-xxxvii-fiesta-de-la-vendimia-con-sello-oficial\/#listItem","name":"Curic\u00f3 lanza XXXVII Fiesta de la Vendimia con Sello oficial"},"previousItem":{"@type":"ListItem","@id":"https:\/\/dechilealpaladar.cl\/en\/category\/vinos\/#listItem","name":"Vinos"}},{"@type":"ListItem","@id":"https:\/\/dechilealpaladar.cl\/en\/curico-lanza-xxxvii-fiesta-de-la-vendimia-con-sello-oficial\/#listItem","position":4,"name":"Curic\u00f3 lanza XXXVII Fiesta de la Vendimia con Sello oficial","previousItem":{"@type":"ListItem","@id":"https:\/\/dechilealpaladar.cl\/en\/category\/vinos\/noticias\/#listItem","name":"Noticias"}}]},{"@type":"Organization","@id":"https:\/\/dechilealpaladar.cl\/en\/#organization","name":"De Chile al Paladar","description":"De Chile al Paladar es una plataforma dedicada a celebrar y promover la cultura del vino y la gastronom\u00eda en Chile. Ofrecemos rese\u00f1as de vinos, maridajes, tendencias, noticias y panoramas, destacando tanto los vinos tradicionales como los de peque\u00f1os productores. Inspiramos a amantes del vino y la buena mesa a descubrir catas, ferias y las riquezas de la gastronom\u00eda chilena.","url":"https:\/\/dechilealpaladar.cl\/en\/","email":"equipo@dechilealpaladar.cl","telephone":"+56976152439","foundingDate":"2025-03-01","numberOfEmployees":{"@type":"QuantitativeValue","minValue":0,"maxValue":10},"logo":{"@type":"ImageObject","url":"https:\/\/dechilealpaladar.cl\/wp-content\/uploads\/2024\/11\/De_Chile_al_Paladar_Logo_Color-1.png","@id":"https:\/\/dechilealpaladar.cl\/en\/curico-lanza-xxxvii-fiesta-de-la-vendimia-con-sello-oficial\/#organizationLogo","width":310,"height":200,"caption":"DeChileAlPaladar"},"image":{"@id":"https:\/\/dechilealpaladar.cl\/en\/curico-lanza-xxxvii-fiesta-de-la-vendimia-con-sello-oficial\/#organizationLogo"},"sameAs":["https:\/\/facebook.com\/dechilealpaladar","https:\/\/instagram.com\/dechilealpaladar","https:\/\/youtube.com\/dechilealpaladar","https:\/\/linkedin.com\/in\/dechilealpaladar"]},{"@type":"Person","@id":"https:\/\/dechilealpaladar.cl\/en\/author\/equipo-de-chile-al-paladar\/#author","url":"https:\/\/dechilealpaladar.cl\/en\/author\/equipo-de-chile-al-paladar\/","name":"Equipo de Chile Al Paladar","image":{"@type":"ImageObject","url":"https:\/\/dechilealpaladar.cl\/wp-content\/uploads\/2025\/08\/logo_equipo_dcap.png"}},{"@type":"WebPage","@id":"https:\/\/dechilealpaladar.cl\/en\/curico-lanza-xxxvii-fiesta-de-la-vendimia-con-sello-oficial\/#webpage","url":"https:\/\/dechilealpaladar.cl\/en\/curico-lanza-xxxvii-fiesta-de-la-vendimia-con-sello-oficial\/","name":"Curic\u00f3 lanza XXXVII Fiesta de la Vendimia con Sello oficial","description":"Curic\u00f3 vuelve a marcar pauta en el calendario vitivin\u00edcola nacional con la realizaci\u00f3n de la XXXVII edici\u00f3n de la Fiesta de la Vendimia, organizada conjuntamente por la I. Municipalidad de Curic\u00f3, la Corporaci\u00f3n Cultural Curic\u00f3 y la Ruta del Vino Curic\u00f3. Una celebraci\u00f3n que, a casi cuatro d\u00e9cadas de su creaci\u00f3n, reafirma su posici\u00f3n como","inLanguage":"en-GB","isPartOf":{"@id":"https:\/\/dechilealpaladar.cl\/en\/#website"},"breadcrumb":{"@id":"https:\/\/dechilealpaladar.cl\/en\/curico-lanza-xxxvii-fiesta-de-la-vendimia-con-sello-oficial\/#breadcrumblist"},"author":{"@id":"https:\/\/dechilealpaladar.cl\/en\/author\/equipo-de-chile-al-paladar\/#author"},"creator":{"@id":"https:\/\/dechilealpaladar.cl\/en\/author\/equipo-de-chile-al-paladar\/#author"},"image":{"@type":"ImageObject","url":"https:\/\/dechilealpaladar.cl\/wp-content\/uploads\/2026\/03\/la-xxxvii-edicion-la-fiesta-de-la-vendimia-curico-reafirma-su-rol-como-capital-historica-de-las-vendimias-en-chile-e1773154792909.jpg","@id":"https:\/\/dechilealpaladar.cl\/en\/curico-lanza-xxxvii-fiesta-de-la-vendimia-con-sello-oficial\/#mainImage","width":962,"height":630,"caption":"La XXXVII edici\u00f3n la Fiesta de la Vendimia Curic\u00f3 reafirma su rol como capital hist\u00f3rica de las vendimias en Chile. Foto: Ruta del Vino Curic\u00f3."},"primaryImageOfPage":{"@id":"https:\/\/dechilealpaladar.cl\/en\/curico-lanza-xxxvii-fiesta-de-la-vendimia-con-sello-oficial\/#mainImage"},"datePublished":"2026-03-10T11:34:28-03:00","dateModified":"2026-03-16T11:57:52-03:00"},{"@type":"WebSite","@id":"https:\/\/dechilealpaladar.cl\/en\/#website","url":"https:\/\/dechilealpaladar.cl\/en\/","name":"De Chile al Paladar | Noticias del Vino en Chile","alternateName":"De Chile al Paladar","description":"De Chile al Paladar celebra la cultura del vino, gastronom\u00eda y enoturismo, ofreciendo noticias, tendencias y rese\u00f1as con enfoque en el valor del patrimonio vitivin\u00edcola chileno y la sostenibilidad.","inLanguage":"en-GB","publisher":{"@id":"https:\/\/dechilealpaladar.cl\/en\/#organization"}}]},"og:locale":"en_GB","og:site_name":"De Chile al Paladar | Noticias del Vino en Chile - De Chile al Paladar celebra la cultura del vino, gastronom\u00eda y enoturismo, ofreciendo noticias, tendencias y rese\u00f1as con enfoque en el valor del patrimonio vitivin\u00edcola chileno y la sostenibilidad.","og:type":"article","og:title":"Curic\u00f3 lanza XXXVII Fiesta de la Vendimia con Sello oficial","og:description":"Curic\u00f3 vuelve a marcar pauta en el calendario vitivin\u00edcola nacional con la realizaci\u00f3n de la XXXVII edici\u00f3n de la Fiesta de la Vendimia, organizada conjuntamente por la I. Municipalidad de Curic\u00f3, la Corporaci\u00f3n Cultural Curic\u00f3 y la Ruta del Vino Curic\u00f3. Una celebraci\u00f3n que, a casi cuatro d\u00e9cadas de su creaci\u00f3n, reafirma su posici\u00f3n como","og:url":"https:\/\/dechilealpaladar.cl\/en\/curico-lanza-xxxvii-fiesta-de-la-vendimia-con-sello-oficial\/","og:image":"https:\/\/dechilealpaladar.cl\/wp-content\/uploads\/2026\/03\/la-xxxvii-edicion-la-fiesta-de-la-vendimia-curico-reafirma-su-rol-como-capital-historica-de-las-vendimias-en-chile-e1773154792909.jpg","og:image:secure_url":"https:\/\/dechilealpaladar.cl\/wp-content\/uploads\/2026\/03\/la-xxxvii-edicion-la-fiesta-de-la-vendimia-curico-reafirma-su-rol-como-capital-historica-de-las-vendimias-en-chile-e1773154792909.jpg","og:image:width":962,"og:image:height":630,"article:published_time":"2026-03-10T14:34:28+00:00","article:modified_time":"2026-03-16T14:57:52+00:00","article:publisher":"https:\/\/facebook.com\/dechilealpaladar","twitter:card":"summary_large_image","twitter:title":"Curic\u00f3 lanza XXXVII Fiesta de la Vendimia con Sello oficial","twitter:description":"Curic\u00f3 vuelve a marcar pauta en el calendario vitivin\u00edcola nacional con la realizaci\u00f3n de la XXXVII edici\u00f3n de la Fiesta de la Vendimia, organizada conjuntamente por la I. Municipalidad de Curic\u00f3, la Corporaci\u00f3n Cultural Curic\u00f3 y la Ruta del Vino Curic\u00f3. Una celebraci\u00f3n que, a casi cuatro d\u00e9cadas de su creaci\u00f3n, reafirma su posici\u00f3n como","twitter:image":"https:\/\/dechilealpaladar.cl\/wp-content\/uploads\/2026\/03\/la-xxxvii-edicion-la-fiesta-de-la-vendimia-curico-reafirma-su-rol-como-capital-historica-de-las-vendimias-en-chile-e1773154792909.jpg"},"aioseo_meta_data":{"post_id":"5197","title":null,"description":null,"keywords":null,"keyphrases":{"focus":{"keyphrase":"","score":0,"analysis":{"keyphraseInTitle":{"score":0,"maxScore":9,"error":1}}},"additional":[]},"primary_term":null,"canonical_url":null,"og_title":null,"og_description":null,"og_object_type":"default","og_image_type":"default","og_image_url":null,"og_image_width":null,"og_image_height":null,"og_image_custom_url":null,"og_image_custom_fields":null,"og_video":"","og_custom_url":null,"og_article_section":null,"og_article_tags":null,"twitter_use_og":false,"twitter_card":"default","twitter_image_type":"default","twitter_image_url":null,"twitter_image_custom_url":null,"twitter_image_custom_fields":null,"twitter_title":null,"twitter_description":null,"schema":{"blockGraphs":[],"customGraphs":[],"default":{"data":{"Article":[],"Course":[],"Dataset":[],"FAQPage":[],"Movie":[],"Person":[],"Product":[],"ProductReview":[],"Car":[],"Recipe":[],"Service":[],"SoftwareApplication":[],"WebPage":[]},"graphName":"BlogPosting","isEnabled":true},"graphs":[]},"schema_type":"default","schema_type_options":null,"pillar_content":false,"robots_default":true,"robots_noindex":false,"robots_noarchive":false,"robots_nosnippet":false,"robots_nofollow":false,"robots_noimageindex":false,"robots_noodp":false,"robots_notranslate":false,"robots_max_snippet":"-1","robots_max_videopreview":"-1","robots_max_imagepreview":"large","priority":null,"frequency":"default","local_seo":null,"seo_analyzer_scan_date":"2026-03-16 15:43:38","breadcrumb_settings":null,"limit_modified_date":false,"reviewed_by":"0","open_ai":null,"ai":{"faqs":[],"keyPoints":[],"titles":[],"descriptions":[],"socialPosts":{"email":[],"linkedin":[],"twitter":[],"facebook":[],"instagram":[]}},"created":"2026-03-10 00:56:43","updated":"2026-03-16 15:43:38"},"aioseo_breadcrumb":"<div class=\"aioseo-breadcrumbs\"><span class=\"aioseo-breadcrumb\">\n\t<a href=\"https:\/\/dechilealpaladar.cl\/en\" title=\"Home\">Home<\/a>\n<\/span><span class=\"aioseo-breadcrumb-separator\">\u00bb<\/span><span class=\"aioseo-breadcrumb\">\n\t<a href=\"https:\/\/dechilealpaladar.cl\/en\/category\/vinos\/\" title=\"Vinos\">Vinos<\/a>\n<\/span><span class=\"aioseo-breadcrumb-separator\">\u00bb<\/span><span class=\"aioseo-breadcrumb\">\n\t<a href=\"https:\/\/dechilealpaladar.cl\/en\/category\/vinos\/noticias\/\" title=\"Noticias\">Noticias<\/a>\n<\/span><span class=\"aioseo-breadcrumb-separator\">\u00bb<\/span><span class=\"aioseo-breadcrumb\">\n\tCuric\u00f3 lanza XXXVII Fiesta de la Vendimia con Sello oficial\n<\/span><\/div>","aioseo_breadcrumb_json":[{"label":"Home","link":"https:\/\/dechilealpaladar.cl\/en"},{"label":"Vinos","link":"https:\/\/dechilealpaladar.cl\/en\/category\/vinos\/"},{"label":"Noticias","link":"https:\/\/dechilealpaladar.cl\/en\/category\/vinos\/noticias\/"},{"label":"Curic\u00f3 lanza XXXVII Fiesta de la Vendimia con Sello oficial","link":"https:\/\/dechilealpaladar.cl\/en\/curico-lanza-xxxvii-fiesta-de-la-vendimia-con-sello-oficial\/"}],"_links":{"self":[{"href":"https:\/\/dechilealpaladar.cl\/en\/wp-json\/wp\/v2\/posts\/5197","targetHints":{"allow":["GET"]}}],"collection":[{"href":"https:\/\/dechilealpaladar.cl\/en\/wp-json\/wp\/v2\/posts"}],"about":[{"href":"https:\/\/dechilealpaladar.cl\/en\/wp-json\/wp\/v2\/types\/post"}],"author":[{"embeddable":true,"href":"https:\/\/dechilealpaladar.cl\/en\/wp-json\/wp\/v2\/users\/2"}],"replies":[{"embeddable":true,"href":"https:\/\/dechilealpaladar.cl\/en\/wp-json\/wp\/v2\/comments?post=5197"}],"version-history":[{"count":3,"href":"https:\/\/dechilealpaladar.cl\/en\/wp-json\/wp\/v2\/posts\/5197\/revisions"}],"predecessor-version":[{"id":5245,"href":"https:\/\/dechilealpaladar.cl\/en\/wp-json\/wp\/v2\/posts\/5197\/revisions\/5245"}],"wp:featuredmedia":[{"embeddable":true,"href":"https:\/\/dechilealpaladar.cl\/en\/wp-json\/wp\/v2\/media\/5198"}],"wp:attachment":[{"href":"https:\/\/dechilealpaladar.cl\/en\/wp-json\/wp\/v2\/media?parent=5197"}],"wp:term":[{"taxonomy":"category","embeddable":true,"href":"https:\/\/dechilealpaladar.cl\/en\/wp-json\/wp\/v2\/categories?post=5197"},{"taxonomy":"post_tag","embeddable":true,"href":"https:\/\/dechilealpaladar.cl\/en\/wp-json\/wp\/v2\/tags?post=5197"}],"curies":[{"name":"wp","href":"https:\/\/api.w.org\/{rel}","templated":true}]}}