{"id":5207,"date":"2026-03-12T11:13:45","date_gmt":"2026-03-12T14:13:45","guid":{"rendered":"https:\/\/dechilealpaladar.cl\/?p=5207"},"modified":"2026-03-12T11:13:45","modified_gmt":"2026-03-12T14:13:45","slug":"colchagua-celebro-con-exito-xxvi-fiesta-de-la-vendimia","status":"publish","type":"post","link":"https:\/\/dechilealpaladar.cl\/en\/colchagua-celebro-con-exito-xxvi-fiesta-de-la-vendimia\/","title":{"rendered":"Colchagua celebr\u00f3 con \u00e9xito XXVI Fiesta de la Vendimia"},"content":{"rendered":"<p dir=\"ltr\">La 26\u00aa Fiesta de la Vendimia celebr\u00f3 la cosecha 2026 y conmemor\u00f3 los 30 a\u00f1os de la <strong>Ruta del Vino de Colchagua<\/strong>, fundada en 1996 y hoy consolidada como uno de los principales motores tur\u00edsticos y enol\u00f3gicos del pa\u00eds.<\/p>\n<p dir=\"ltr\">Durante tres d\u00edas, el <strong>Colchagua Valley<\/strong> vivi\u00f3 una versi\u00f3n especial de su vendimia m\u00e1s emblem\u00e1tica, teniendo como epicentro la Plaza de Armas de Santa Cruz.<\/p>\n<p dir=\"ltr\">El encuentro se transform\u00f3 en el punto de encuentro para amantes del vino, turistas y familias que llegaron a disfrutar de una propuesta que busc\u00f3 elevar el est\u00e1ndar del evento con una experiencia m\u00e1s sofisticada y centrada en el visitante.<\/p>\n<p dir=\"ltr\">\u201cEstamos muy contentos con el resultado de esta edici\u00f3n, la cual fue un verdadero \u00e9xito tanto en convocatoria como en la experiencia que vivimos junto a miles de visitantes. Durante las tres jornadas celebramos a nuestros vinos, la gastronom\u00eda local y una programaci\u00f3n art\u00edstica muy diversa, que combin\u00f3 folklore, jazz, blues, rock y funk, generando un ambiente festivo que reflej\u00f3 la identidad del valle&#8221;, se\u00f1al\u00f3 Mar\u00eda Ignacia Eyzaguirre, presidenta de la Asociaci\u00f3n de Vi\u00f1as de Colchagua AG.<\/p>\n<p dir=\"ltr\">Uno de los grandes hitos de esta edici\u00f3n fue la nueva Barra Premium, la que se transform\u00f3 en uno de los espacios m\u00e1s destacados de la fiesta.<\/p>\n<p dir=\"ltr\">All\u00ed los visitantes pudieron vivir una experiencia m\u00e1s exclusiva y sofisticada, con degustaci\u00f3n ilimitada de vinos de alta gama guiada por sommeliers, en un ambiente cuidadosamente dise\u00f1ado y con una propuesta musical m\u00e1s electr\u00f3nica y festiva que aport\u00f3 frescura y energ\u00eda a la celebraci\u00f3n. Fue un espacio muy producido, elegante y a la altura del nivel de los vinos de Colchagua.<\/p>\n<figure id=\"attachment_5209\" aria-describedby=\"caption-attachment-5209\" style=\"width: 411px\" class=\"wp-caption alignleft\"><img fetchpriority=\"high\" decoding=\"async\" class=\"wp-image-5209\" src=\"https:\/\/dechilealpaladar.cl\/wp-content\/uploads\/2026\/03\/directorio-asociacion-vinas-de-colchagua-ag-dio-el-vamos-a-la-xxvi-fiesta-de-la-vendimia-en-fuegos-de-apalta.jpg\" alt=\"Directorio Asociaci\u00f3n Vi\u00f1as de Colchagua AG dio el vamos a la XXVI Fiesta de la Vendimia en Fuegos de Apalta. Foto Vi\u00f1as de Colchagua.\" width=\"411\" height=\"627\" srcset=\"https:\/\/dechilealpaladar.cl\/wp-content\/uploads\/2026\/03\/directorio-asociacion-vinas-de-colchagua-ag-dio-el-vamos-a-la-xxvi-fiesta-de-la-vendimia-en-fuegos-de-apalta.jpg 760w, https:\/\/dechilealpaladar.cl\/wp-content\/uploads\/2026\/03\/directorio-asociacion-vinas-de-colchagua-ag-dio-el-vamos-a-la-xxvi-fiesta-de-la-vendimia-en-fuegos-de-apalta-197x300.jpg 197w, https:\/\/dechilealpaladar.cl\/wp-content\/uploads\/2026\/03\/directorio-asociacion-vinas-de-colchagua-ag-dio-el-vamos-a-la-xxvi-fiesta-de-la-vendimia-en-fuegos-de-apalta-671x1024.jpg 671w, https:\/\/dechilealpaladar.cl\/wp-content\/uploads\/2026\/03\/directorio-asociacion-vinas-de-colchagua-ag-dio-el-vamos-a-la-xxvi-fiesta-de-la-vendimia-en-fuegos-de-apalta-8x12.jpg 8w, https:\/\/dechilealpaladar.cl\/wp-content\/uploads\/2026\/03\/directorio-asociacion-vinas-de-colchagua-ag-dio-el-vamos-a-la-xxvi-fiesta-de-la-vendimia-en-fuegos-de-apalta-750x1145.jpg 750w\" sizes=\"(max-width: 411px) 100vw, 411px\" \/><figcaption id=\"caption-attachment-5209\" class=\"wp-caption-text\">Directorio Asociaci\u00f3n Vi\u00f1as de Colchagua AG dio el vamos a la XXVI Fiesta de la Vendimia en Fuegos de Apalta. Foto Vi\u00f1as de Colchagua.<\/figcaption><\/figure>\n<h4 dir=\"ltr\">Tres d\u00e9cadas de historia<\/h4>\n<p dir=\"ltr\">Adem\u00e1s, esta versi\u00f3n tuvo un significado especial porque &#8220;celebramos los 30 a\u00f1os de la Ruta del Vino de Colchagua, una iniciativa que desde 1996 ha impulsado el enoturismo y ha posicionado al valle como uno de los destinos vitivin\u00edcolas m\u00e1s importantes de Am\u00e9rica Latina\u201d, se\u00f1al\u00f3 Eyzaguirre.<\/p>\n<p dir=\"ltr\">En esta edici\u00f3n participaron las 19 vi\u00f1as socias, que presentaron vinos \u00edconos y etiquetas de alta gama, adem\u00e1s de degustaciones guiadas por sommeliers. La programaci\u00f3n art\u00edstica incluy\u00f3 m\u00fasica en vivo \u2014jazz, blues, baladas y folklore\u2014 generando una atm\u00f3sfera festiva que invit\u00f3 a recorrer la plaza y disfrutar del vino y la gastronom\u00eda local.<\/p>\n<p dir=\"ltr\">La Fiesta de la Vendimia se desarroll\u00f3 como un evento abierto en la <strong>Plaza de Armas<\/strong> y calles aleda\u00f1as de <strong>Santa Cruz<\/strong>, permitiendo que miles de personas pudieran disfrutar del ambiente festivo. Para las degustaciones, el p\u00fablico accedi\u00f3 a distintas alternativas: la Copa Vendimia, la Copa Colchagua y la Copa Premium, estas \u00faltimas con acceso a la nueva Barra Premium, un espacio especialmente ambientado con m\u00fasica permanente y degustaci\u00f3n ilimitada de vinos de alta gama acompa\u00f1ados por sommeliers.<\/p>\n<p dir=\"ltr\">La conmemoraci\u00f3n de los 30 a\u00f1os de la Ruta del Vino puso en valor la historia y la proyecci\u00f3n internacional de Colchagua, hoy reconocido como uno de los principales destinos de enoturismo de Am\u00e9rica Latina.<\/p>\n<p dir=\"ltr\">En esta edici\u00f3n las bodegas del valle presentes fueron Casa Silva, Lapostolle, Montes, Los Vascos, Ventisquero, Santa Cruz, Siegel, Luis Felipe Edwards, Sutil, Ravanal, Encierra, Polkura, Laura Hartwig, Escondida, La Despensa, Ranquilhue, Alchemysta, Los Chanchitos y La Sirca, representando la diversidad y calidad enol\u00f3gica del Valle de Colchagua. M\u00e1s informaci\u00f3n en <a target=\"_blank\" rel=\"noopener\" href=\"https:\/\/www.instagram.com\/vinascolchagua\/\">Vi\u00f1as de Colchagua AG<\/a>.<\/p>\n<p>Check out more content in <a href=\"https:\/\/dechilealpaladar.cl\/en\/montes-festin-en-las-laderas-llega-con-mallmann-a-apalta\/\">\u201cMontes: Fest\u00edn en las Laderas\u201d llega con Mallmann a Apalta<\/a>.<\/p>","protected":false},"excerpt":{"rendered":"<p>La 26\u00aa Fiesta de la Vendimia celebr\u00f3 la cosecha 2026 y conmemor\u00f3 los 30 a\u00f1os de la Ruta del Vino de Colchagua, fundada en 1996 y hoy consolidada como uno de los principales motores tur\u00edsticos y enol\u00f3gicos del pa\u00eds. Durante tres d\u00edas, el Valle de Colchagua vivi\u00f3 una versi\u00f3n especial de su vendimia m\u00e1s emblem\u00e1tica, [&hellip;]<\/p>\n","protected":false},"author":3,"featured_media":5208,"comment_status":"open","ping_status":"closed","sticky":false,"template":"","format":"standard","meta":{"jnews-multi-image_gallery":[],"jnews_single_post":{"format":"standard","override":[{"template":"1","parallax":"1","fullscreen":"1","layout":"right-sidebar","sidebar":"sidebar-single-post","second_sidebar":"default-sidebar","sticky_sidebar":"1","share_position":"top","share_float_style":"share-monocrhome","show_view_counter":"1","show_featured":"1","show_post_meta":"1","show_post_author":"1","show_post_author_image":"1","show_post_date":"1","post_date_format":"default","post_date_format_custom":"Y\/m\/d","show_post_category":"1","show_post_reading_time":"1","post_reading_time_wpm":"300","post_calculate_word_method":"str_word_count","show_zoom_button":"1","zoom_button_out_step":"2","zoom_button_in_step":"3","show_post_tag":"1","show_prev_next_post":"1","show_popup_post":"1","show_comment_section":"1","number_popup_post":"1","show_author_box":"1","show_post_related":"1"}],"image_override":[{"single_post_thumbnail_size":"crop-500","single_post_gallery_size":"crop-500"}],"trending_post_position":"meta","trending_post_label":"Trending","sponsored_post_label":"Sponsored by","disable_ad":"0","subtitle":"Durante tres d\u00edas, miles de visitantes llegaron hasta la Plaza de Armas de Santa Cruz para disfrutar de vinos de alta gama, gastronom\u00eda local y m\u00fasica en vivo, en una versi\u00f3n hist\u00f3rica que conmemor\u00f3 30 a\u00f1os de su Ruta del Vino"},"jnews_primary_category":[],"jnews_review":[],"enable_review":"","type":"percentage","name":"","summary":"","brand":"","sku":"","good":[],"bad":[],"score_override":"","override_value":"","rating":[],"price":[],"jnews_override_counter":{"view_counter_number":"0","share_counter_number":"0","like_counter_number":"0","dislike_counter_number":"0"},"footnotes":""},"categories":[6,255,11],"tags":[276,252,122,253],"class_list":["post-5207","post","type-post","status-publish","format-standard","has-post-thumbnail","hentry","category-noticias","category-rutas-del-vino","category-vinos","tag-barra-premium","tag-fiesta-de-la-vendimia-colchagua","tag-valle-de-colchagua","tag-vendimia-2026"],"aioseo_notices":[],"aioseo_head":"\n\t\t<!-- All in One SEO Pro 4.9.5.2 - aioseo.com -->\n\t<meta name=\"description\" content=\"La 26\u00aa Fiesta de la Vendimia celebr\u00f3 la cosecha 2026 y conmemor\u00f3 los 30 a\u00f1os de la Ruta del Vino de Colchagua, fundada en 1996 y hoy consolidada como uno de los principales motores tur\u00edsticos y enol\u00f3gicos del pa\u00eds. Durante tres d\u00edas, el Valle de Colchagua vivi\u00f3 una versi\u00f3n especial de su vendimia m\u00e1s emblem\u00e1tica,\" \/>\n\t<meta name=\"robots\" content=\"max-image-preview:large\" \/>\n\t<meta name=\"author\" content=\"Cristy \u00c1lvarez\"\/>\n\t<meta name=\"google-site-verification\" content=\"FwbYXf8NSX7K5fFr17ZmyxG2GPBjQNe6D5Z26IIESJA\" \/>\n\t<meta name=\"p:domain_verify\" content=\"b1ea975e07205230074b4f8d7926d7df\" \/>\n\t<link rel=\"canonical\" href=\"https:\/\/dechilealpaladar.cl\/en\/colchagua-celebro-con-exito-xxvi-fiesta-de-la-vendimia\/\" \/>\n\t<meta name=\"generator\" content=\"All in One SEO Pro (AIOSEO) 4.9.5.2\" \/>\n\t\t<meta property=\"og:locale\" content=\"en_GB\" \/>\n\t\t<meta property=\"og:site_name\" content=\"De Chile al Paladar | Noticias del Vino en Chile - De Chile al Paladar celebra la cultura del vino, gastronom\u00eda y enoturismo, ofreciendo noticias, tendencias y rese\u00f1as con enfoque en el valor del patrimonio vitivin\u00edcola chileno y la sostenibilidad.\" \/>\n\t\t<meta property=\"og:type\" content=\"article\" \/>\n\t\t<meta property=\"og:title\" content=\"Colchagua celebr\u00f3 con \u00e9xito XXVI Fiesta de la Vendimia\" \/>\n\t\t<meta property=\"og:description\" content=\"La 26\u00aa Fiesta de la Vendimia celebr\u00f3 la cosecha 2026 y conmemor\u00f3 los 30 a\u00f1os de la Ruta del Vino de Colchagua, fundada en 1996 y hoy consolidada como uno de los principales motores tur\u00edsticos y enol\u00f3gicos del pa\u00eds. Durante tres d\u00edas, el Valle de Colchagua vivi\u00f3 una versi\u00f3n especial de su vendimia m\u00e1s emblem\u00e1tica,\" \/>\n\t\t<meta property=\"og:url\" content=\"https:\/\/dechilealpaladar.cl\/en\/colchagua-celebro-con-exito-xxvi-fiesta-de-la-vendimia\/\" \/>\n\t\t<meta property=\"og:image\" content=\"https:\/\/dechilealpaladar.cl\/wp-content\/uploads\/2026\/03\/miles-de-visitantes-llegaron-a-la-xxvi-fiesta-de-la-vendimia-de-colchagua-para-disfrutar-de-vinos-de-alta-gama-gastronomia-local-y-musica-en-vivo.jpg\" \/>\n\t\t<meta property=\"og:image:secure_url\" content=\"https:\/\/dechilealpaladar.cl\/wp-content\/uploads\/2026\/03\/miles-de-visitantes-llegaron-a-la-xxvi-fiesta-de-la-vendimia-de-colchagua-para-disfrutar-de-vinos-de-alta-gama-gastronomia-local-y-musica-en-vivo.jpg\" \/>\n\t\t<meta property=\"og:image:width\" content=\"1160\" \/>\n\t\t<meta property=\"og:image:height\" content=\"760\" \/>\n\t\t<meta property=\"article:published_time\" content=\"2026-03-12T14:13:45+00:00\" \/>\n\t\t<meta property=\"article:modified_time\" content=\"2026-03-12T14:13:45+00:00\" \/>\n\t\t<meta property=\"article:publisher\" content=\"https:\/\/facebook.com\/dechilealpaladar\" \/>\n\t\t<meta property=\"article:author\" content=\"https:\/\/www.facebook.com\/CristyAlvarezG\/\" \/>\n\t\t<meta name=\"twitter:card\" content=\"summary_large_image\" \/>\n\t\t<meta name=\"twitter:title\" content=\"Colchagua celebr\u00f3 con \u00e9xito XXVI Fiesta de la Vendimia\" \/>\n\t\t<meta name=\"twitter:description\" content=\"La 26\u00aa Fiesta de la Vendimia celebr\u00f3 la cosecha 2026 y conmemor\u00f3 los 30 a\u00f1os de la Ruta del Vino de Colchagua, fundada en 1996 y hoy consolidada como uno de los principales motores tur\u00edsticos y enol\u00f3gicos del pa\u00eds. Durante tres d\u00edas, el Valle de Colchagua vivi\u00f3 una versi\u00f3n especial de su vendimia m\u00e1s emblem\u00e1tica,\" \/>\n\t\t<meta name=\"twitter:image\" content=\"https:\/\/dechilealpaladar.cl\/wp-content\/uploads\/2026\/03\/miles-de-visitantes-llegaron-a-la-xxvi-fiesta-de-la-vendimia-de-colchagua-para-disfrutar-de-vinos-de-alta-gama-gastronomia-local-y-musica-en-vivo.jpg\" \/>\n\t\t<script type=\"application\/ld+json\" class=\"aioseo-schema\">\n\t\t\t{\"@context\":\"https:\\\/\\\/schema.org\",\"@graph\":[{\"@type\":\"BlogPosting\",\"@id\":\"https:\\\/\\\/dechilealpaladar.cl\\\/en\\\/colchagua-celebro-con-exito-xxvi-fiesta-de-la-vendimia\\\/#blogposting\",\"name\":\"Colchagua celebr\\u00f3 con \\u00e9xito XXVI Fiesta de la Vendimia\",\"headline\":\"Colchagua celebr\\u00f3 con \\u00e9xito XXVI Fiesta de la Vendimia\",\"author\":{\"@id\":\"https:\\\/\\\/dechilealpaladar.cl\\\/en\\\/author\\\/cristy-alvarez\\\/#author\"},\"publisher\":{\"@id\":\"https:\\\/\\\/dechilealpaladar.cl\\\/en\\\/#organization\"},\"image\":{\"@type\":\"ImageObject\",\"url\":\"https:\\\/\\\/dechilealpaladar.cl\\\/wp-content\\\/uploads\\\/2026\\\/03\\\/miles-de-visitantes-llegaron-a-la-xxvi-fiesta-de-la-vendimia-de-colchagua-para-disfrutar-de-vinos-de-alta-gama-gastronomia-local-y-musica-en-vivo.jpg\",\"width\":1160,\"height\":760,\"caption\":\"Miles de visitantes llegaron a la XXVI Fiesta de la Vendimia de Colchagua para disfrutar de vinos de alta gama gastronom\\u00eda local y m\\u00fasica en vivo. Foto: Vi\\u00f1as de Colchagua.\"},\"datePublished\":\"2026-03-12T11:13:45-03:00\",\"dateModified\":\"2026-03-12T11:13:45-03:00\",\"inLanguage\":\"en-GB\",\"mainEntityOfPage\":{\"@id\":\"https:\\\/\\\/dechilealpaladar.cl\\\/en\\\/colchagua-celebro-con-exito-xxvi-fiesta-de-la-vendimia\\\/#webpage\"},\"isPartOf\":{\"@id\":\"https:\\\/\\\/dechilealpaladar.cl\\\/en\\\/colchagua-celebro-con-exito-xxvi-fiesta-de-la-vendimia\\\/#webpage\"},\"articleSection\":\"Noticias, Rutas del Vino, Vinos, Barra Premium, Fiesta de la Vendimia Colchagua, Valle de Colchagua, Vendimia 2026\"},{\"@type\":\"BreadcrumbList\",\"@id\":\"https:\\\/\\\/dechilealpaladar.cl\\\/en\\\/colchagua-celebro-con-exito-xxvi-fiesta-de-la-vendimia\\\/#breadcrumblist\",\"itemListElement\":[{\"@type\":\"ListItem\",\"@id\":\"https:\\\/\\\/dechilealpaladar.cl\\\/en#listItem\",\"position\":1,\"name\":\"Home\",\"item\":\"https:\\\/\\\/dechilealpaladar.cl\\\/en\",\"nextItem\":{\"@type\":\"ListItem\",\"@id\":\"https:\\\/\\\/dechilealpaladar.cl\\\/en\\\/category\\\/vinos\\\/#listItem\",\"name\":\"Vinos\"}},{\"@type\":\"ListItem\",\"@id\":\"https:\\\/\\\/dechilealpaladar.cl\\\/en\\\/category\\\/vinos\\\/#listItem\",\"position\":2,\"name\":\"Vinos\",\"item\":\"https:\\\/\\\/dechilealpaladar.cl\\\/en\\\/category\\\/vinos\\\/\",\"nextItem\":{\"@type\":\"ListItem\",\"@id\":\"https:\\\/\\\/dechilealpaladar.cl\\\/en\\\/category\\\/vinos\\\/noticias\\\/#listItem\",\"name\":\"Noticias\"},\"previousItem\":{\"@type\":\"ListItem\",\"@id\":\"https:\\\/\\\/dechilealpaladar.cl\\\/en#listItem\",\"name\":\"Home\"}},{\"@type\":\"ListItem\",\"@id\":\"https:\\\/\\\/dechilealpaladar.cl\\\/en\\\/category\\\/vinos\\\/noticias\\\/#listItem\",\"position\":3,\"name\":\"Noticias\",\"item\":\"https:\\\/\\\/dechilealpaladar.cl\\\/en\\\/category\\\/vinos\\\/noticias\\\/\",\"nextItem\":{\"@type\":\"ListItem\",\"@id\":\"https:\\\/\\\/dechilealpaladar.cl\\\/en\\\/colchagua-celebro-con-exito-xxvi-fiesta-de-la-vendimia\\\/#listItem\",\"name\":\"Colchagua celebr\\u00f3 con \\u00e9xito XXVI Fiesta de la Vendimia\"},\"previousItem\":{\"@type\":\"ListItem\",\"@id\":\"https:\\\/\\\/dechilealpaladar.cl\\\/en\\\/category\\\/vinos\\\/#listItem\",\"name\":\"Vinos\"}},{\"@type\":\"ListItem\",\"@id\":\"https:\\\/\\\/dechilealpaladar.cl\\\/en\\\/colchagua-celebro-con-exito-xxvi-fiesta-de-la-vendimia\\\/#listItem\",\"position\":4,\"name\":\"Colchagua celebr\\u00f3 con \\u00e9xito XXVI Fiesta de la Vendimia\",\"previousItem\":{\"@type\":\"ListItem\",\"@id\":\"https:\\\/\\\/dechilealpaladar.cl\\\/en\\\/category\\\/vinos\\\/noticias\\\/#listItem\",\"name\":\"Noticias\"}}]},{\"@type\":\"Organization\",\"@id\":\"https:\\\/\\\/dechilealpaladar.cl\\\/en\\\/#organization\",\"name\":\"De Chile al Paladar\",\"description\":\"De Chile al Paladar es una plataforma dedicada a celebrar y promover la cultura del vino y la gastronom\\u00eda en Chile. Ofrecemos rese\\u00f1as de vinos, maridajes, tendencias, noticias y panoramas, destacando tanto los vinos tradicionales como los de peque\\u00f1os productores. Inspiramos a amantes del vino y la buena mesa a descubrir catas, ferias y las riquezas de la gastronom\\u00eda chilena.\",\"url\":\"https:\\\/\\\/dechilealpaladar.cl\\\/en\\\/\",\"email\":\"equipo@dechilealpaladar.cl\",\"telephone\":\"+56976152439\",\"foundingDate\":\"2025-03-01\",\"numberOfEmployees\":{\"@type\":\"QuantitativeValue\",\"minValue\":0,\"maxValue\":10},\"logo\":{\"@type\":\"ImageObject\",\"url\":\"https:\\\/\\\/dechilealpaladar.cl\\\/wp-content\\\/uploads\\\/2024\\\/11\\\/De_Chile_al_Paladar_Logo_Color-1.png\",\"@id\":\"https:\\\/\\\/dechilealpaladar.cl\\\/en\\\/colchagua-celebro-con-exito-xxvi-fiesta-de-la-vendimia\\\/#organizationLogo\",\"width\":310,\"height\":200,\"caption\":\"DeChileAlPaladar\"},\"image\":{\"@id\":\"https:\\\/\\\/dechilealpaladar.cl\\\/en\\\/colchagua-celebro-con-exito-xxvi-fiesta-de-la-vendimia\\\/#organizationLogo\"},\"sameAs\":[\"https:\\\/\\\/facebook.com\\\/dechilealpaladar\",\"https:\\\/\\\/instagram.com\\\/dechilealpaladar\",\"https:\\\/\\\/youtube.com\\\/dechilealpaladar\",\"https:\\\/\\\/linkedin.com\\\/in\\\/dechilealpaladar\"]},{\"@type\":\"Person\",\"@id\":\"https:\\\/\\\/dechilealpaladar.cl\\\/en\\\/author\\\/cristy-alvarez\\\/#author\",\"url\":\"https:\\\/\\\/dechilealpaladar.cl\\\/en\\\/author\\\/cristy-alvarez\\\/\",\"name\":\"Cristy \\u00c1lvarez\",\"image\":{\"@type\":\"ImageObject\",\"url\":\"https:\\\/\\\/dechilealpaladar.cl\\\/wp-content\\\/uploads\\\/2024\\\/12\\\/cristy_alvarez_vino-mujeres.jpg\"},\"sameAs\":[\"https:\\\/\\\/www.facebook.com\\\/CristyAlvarezG\\\/\",\"https:\\\/\\\/www.instagram.com\\\/vinolacristy\\\/\"],\"description\":\"Cristina \\u00c1lvarez G., periodista y sommelier chilena. Desde 2024 es presidenta de MUV Chile, abogando por la visibilidad de sus integrantes, propiciando unidas alianzas y acciones diversas en torno a la promoci\\u00f3n de la cultura del vino chileno.\",\"knowsLanguage\":[\"Spanish\",\"English\"]},{\"@type\":\"WebPage\",\"@id\":\"https:\\\/\\\/dechilealpaladar.cl\\\/en\\\/colchagua-celebro-con-exito-xxvi-fiesta-de-la-vendimia\\\/#webpage\",\"url\":\"https:\\\/\\\/dechilealpaladar.cl\\\/en\\\/colchagua-celebro-con-exito-xxvi-fiesta-de-la-vendimia\\\/\",\"name\":\"Colchagua celebr\\u00f3 con \\u00e9xito XXVI Fiesta de la Vendimia\",\"description\":\"La 26\\u00aa Fiesta de la Vendimia celebr\\u00f3 la cosecha 2026 y conmemor\\u00f3 los 30 a\\u00f1os de la Ruta del Vino de Colchagua, fundada en 1996 y hoy consolidada como uno de los principales motores tur\\u00edsticos y enol\\u00f3gicos del pa\\u00eds. Durante tres d\\u00edas, el Valle de Colchagua vivi\\u00f3 una versi\\u00f3n especial de su vendimia m\\u00e1s emblem\\u00e1tica,\",\"inLanguage\":\"en-GB\",\"isPartOf\":{\"@id\":\"https:\\\/\\\/dechilealpaladar.cl\\\/en\\\/#website\"},\"breadcrumb\":{\"@id\":\"https:\\\/\\\/dechilealpaladar.cl\\\/en\\\/colchagua-celebro-con-exito-xxvi-fiesta-de-la-vendimia\\\/#breadcrumblist\"},\"author\":{\"@id\":\"https:\\\/\\\/dechilealpaladar.cl\\\/en\\\/author\\\/cristy-alvarez\\\/#author\"},\"creator\":{\"@id\":\"https:\\\/\\\/dechilealpaladar.cl\\\/en\\\/author\\\/cristy-alvarez\\\/#author\"},\"image\":{\"@type\":\"ImageObject\",\"url\":\"https:\\\/\\\/dechilealpaladar.cl\\\/wp-content\\\/uploads\\\/2026\\\/03\\\/miles-de-visitantes-llegaron-a-la-xxvi-fiesta-de-la-vendimia-de-colchagua-para-disfrutar-de-vinos-de-alta-gama-gastronomia-local-y-musica-en-vivo.jpg\",\"@id\":\"https:\\\/\\\/dechilealpaladar.cl\\\/en\\\/colchagua-celebro-con-exito-xxvi-fiesta-de-la-vendimia\\\/#mainImage\",\"width\":1160,\"height\":760,\"caption\":\"Miles de visitantes llegaron a la XXVI Fiesta de la Vendimia de Colchagua para disfrutar de vinos de alta gama gastronom\\u00eda local y m\\u00fasica en vivo. Foto: Vi\\u00f1as de Colchagua.\"},\"primaryImageOfPage\":{\"@id\":\"https:\\\/\\\/dechilealpaladar.cl\\\/en\\\/colchagua-celebro-con-exito-xxvi-fiesta-de-la-vendimia\\\/#mainImage\"},\"datePublished\":\"2026-03-12T11:13:45-03:00\",\"dateModified\":\"2026-03-12T11:13:45-03:00\"},{\"@type\":\"WebSite\",\"@id\":\"https:\\\/\\\/dechilealpaladar.cl\\\/en\\\/#website\",\"url\":\"https:\\\/\\\/dechilealpaladar.cl\\\/en\\\/\",\"name\":\"De Chile al Paladar | Noticias del Vino en Chile\",\"alternateName\":\"De Chile al Paladar\",\"description\":\"De Chile al Paladar celebra la cultura del vino, gastronom\\u00eda y enoturismo, ofreciendo noticias, tendencias y rese\\u00f1as con enfoque en el valor del patrimonio vitivin\\u00edcola chileno y la sostenibilidad.\",\"inLanguage\":\"en-GB\",\"publisher\":{\"@id\":\"https:\\\/\\\/dechilealpaladar.cl\\\/en\\\/#organization\"}}]}\n\t\t<\/script>\n\t\t<!-- All in One SEO Pro -->\r\n\t\t<title>Colchagua celebr\u00f3 con \u00e9xito XXVI Fiesta de la Vendimia<\/title>\n\n","aioseo_head_json":{"title":"Colchagua celebr\u00f3 con \u00e9xito XXVI Fiesta de la Vendimia","description":"La 26\u00aa Fiesta de la Vendimia celebr\u00f3 la cosecha 2026 y conmemor\u00f3 los 30 a\u00f1os de la Ruta del Vino de Colchagua, fundada en 1996 y hoy consolidada como uno de los principales motores tur\u00edsticos y enol\u00f3gicos del pa\u00eds. Durante tres d\u00edas, el Valle de Colchagua vivi\u00f3 una versi\u00f3n especial de su vendimia m\u00e1s emblem\u00e1tica,","canonical_url":"https:\/\/dechilealpaladar.cl\/en\/colchagua-celebro-con-exito-xxvi-fiesta-de-la-vendimia\/","robots":"max-image-preview:large","keywords":"","webmasterTools":{"google-site-verification":"FwbYXf8NSX7K5fFr17ZmyxG2GPBjQNe6D5Z26IIESJA","p:domain_verify":"b1ea975e07205230074b4f8d7926d7df","miscellaneous":""},"schema":{"@context":"https:\/\/schema.org","@graph":[{"@type":"BlogPosting","@id":"https:\/\/dechilealpaladar.cl\/en\/colchagua-celebro-con-exito-xxvi-fiesta-de-la-vendimia\/#blogposting","name":"Colchagua celebr\u00f3 con \u00e9xito XXVI Fiesta de la Vendimia","headline":"Colchagua celebr\u00f3 con \u00e9xito XXVI Fiesta de la Vendimia","author":{"@id":"https:\/\/dechilealpaladar.cl\/en\/author\/cristy-alvarez\/#author"},"publisher":{"@id":"https:\/\/dechilealpaladar.cl\/en\/#organization"},"image":{"@type":"ImageObject","url":"https:\/\/dechilealpaladar.cl\/wp-content\/uploads\/2026\/03\/miles-de-visitantes-llegaron-a-la-xxvi-fiesta-de-la-vendimia-de-colchagua-para-disfrutar-de-vinos-de-alta-gama-gastronomia-local-y-musica-en-vivo.jpg","width":1160,"height":760,"caption":"Miles de visitantes llegaron a la XXVI Fiesta de la Vendimia de Colchagua para disfrutar de vinos de alta gama gastronom\u00eda local y m\u00fasica en vivo. Foto: Vi\u00f1as de Colchagua."},"datePublished":"2026-03-12T11:13:45-03:00","dateModified":"2026-03-12T11:13:45-03:00","inLanguage":"en-GB","mainEntityOfPage":{"@id":"https:\/\/dechilealpaladar.cl\/en\/colchagua-celebro-con-exito-xxvi-fiesta-de-la-vendimia\/#webpage"},"isPartOf":{"@id":"https:\/\/dechilealpaladar.cl\/en\/colchagua-celebro-con-exito-xxvi-fiesta-de-la-vendimia\/#webpage"},"articleSection":"Noticias, Rutas del Vino, Vinos, Barra Premium, Fiesta de la Vendimia Colchagua, Valle de Colchagua, Vendimia 2026"},{"@type":"BreadcrumbList","@id":"https:\/\/dechilealpaladar.cl\/en\/colchagua-celebro-con-exito-xxvi-fiesta-de-la-vendimia\/#breadcrumblist","itemListElement":[{"@type":"ListItem","@id":"https:\/\/dechilealpaladar.cl\/en#listItem","position":1,"name":"Home","item":"https:\/\/dechilealpaladar.cl\/en","nextItem":{"@type":"ListItem","@id":"https:\/\/dechilealpaladar.cl\/en\/category\/vinos\/#listItem","name":"Vinos"}},{"@type":"ListItem","@id":"https:\/\/dechilealpaladar.cl\/en\/category\/vinos\/#listItem","position":2,"name":"Vinos","item":"https:\/\/dechilealpaladar.cl\/en\/category\/vinos\/","nextItem":{"@type":"ListItem","@id":"https:\/\/dechilealpaladar.cl\/en\/category\/vinos\/noticias\/#listItem","name":"Noticias"},"previousItem":{"@type":"ListItem","@id":"https:\/\/dechilealpaladar.cl\/en#listItem","name":"Home"}},{"@type":"ListItem","@id":"https:\/\/dechilealpaladar.cl\/en\/category\/vinos\/noticias\/#listItem","position":3,"name":"Noticias","item":"https:\/\/dechilealpaladar.cl\/en\/category\/vinos\/noticias\/","nextItem":{"@type":"ListItem","@id":"https:\/\/dechilealpaladar.cl\/en\/colchagua-celebro-con-exito-xxvi-fiesta-de-la-vendimia\/#listItem","name":"Colchagua celebr\u00f3 con \u00e9xito XXVI Fiesta de la Vendimia"},"previousItem":{"@type":"ListItem","@id":"https:\/\/dechilealpaladar.cl\/en\/category\/vinos\/#listItem","name":"Vinos"}},{"@type":"ListItem","@id":"https:\/\/dechilealpaladar.cl\/en\/colchagua-celebro-con-exito-xxvi-fiesta-de-la-vendimia\/#listItem","position":4,"name":"Colchagua celebr\u00f3 con \u00e9xito XXVI Fiesta de la Vendimia","previousItem":{"@type":"ListItem","@id":"https:\/\/dechilealpaladar.cl\/en\/category\/vinos\/noticias\/#listItem","name":"Noticias"}}]},{"@type":"Organization","@id":"https:\/\/dechilealpaladar.cl\/en\/#organization","name":"De Chile al Paladar","description":"De Chile al Paladar es una plataforma dedicada a celebrar y promover la cultura del vino y la gastronom\u00eda en Chile. Ofrecemos rese\u00f1as de vinos, maridajes, tendencias, noticias y panoramas, destacando tanto los vinos tradicionales como los de peque\u00f1os productores. Inspiramos a amantes del vino y la buena mesa a descubrir catas, ferias y las riquezas de la gastronom\u00eda chilena.","url":"https:\/\/dechilealpaladar.cl\/en\/","email":"equipo@dechilealpaladar.cl","telephone":"+56976152439","foundingDate":"2025-03-01","numberOfEmployees":{"@type":"QuantitativeValue","minValue":0,"maxValue":10},"logo":{"@type":"ImageObject","url":"https:\/\/dechilealpaladar.cl\/wp-content\/uploads\/2024\/11\/De_Chile_al_Paladar_Logo_Color-1.png","@id":"https:\/\/dechilealpaladar.cl\/en\/colchagua-celebro-con-exito-xxvi-fiesta-de-la-vendimia\/#organizationLogo","width":310,"height":200,"caption":"DeChileAlPaladar"},"image":{"@id":"https:\/\/dechilealpaladar.cl\/en\/colchagua-celebro-con-exito-xxvi-fiesta-de-la-vendimia\/#organizationLogo"},"sameAs":["https:\/\/facebook.com\/dechilealpaladar","https:\/\/instagram.com\/dechilealpaladar","https:\/\/youtube.com\/dechilealpaladar","https:\/\/linkedin.com\/in\/dechilealpaladar"]},{"@type":"Person","@id":"https:\/\/dechilealpaladar.cl\/en\/author\/cristy-alvarez\/#author","url":"https:\/\/dechilealpaladar.cl\/en\/author\/cristy-alvarez\/","name":"Cristy \u00c1lvarez","image":{"@type":"ImageObject","url":"https:\/\/dechilealpaladar.cl\/wp-content\/uploads\/2024\/12\/cristy_alvarez_vino-mujeres.jpg"},"sameAs":["https:\/\/www.facebook.com\/CristyAlvarezG\/","https:\/\/www.instagram.com\/vinolacristy\/"],"description":"Cristina \u00c1lvarez G., periodista y sommelier chilena. Desde 2024 es presidenta de MUV Chile, abogando por la visibilidad de sus integrantes, propiciando unidas alianzas y acciones diversas en torno a la promoci\u00f3n de la cultura del vino chileno.","knowsLanguage":["Spanish","English"]},{"@type":"WebPage","@id":"https:\/\/dechilealpaladar.cl\/en\/colchagua-celebro-con-exito-xxvi-fiesta-de-la-vendimia\/#webpage","url":"https:\/\/dechilealpaladar.cl\/en\/colchagua-celebro-con-exito-xxvi-fiesta-de-la-vendimia\/","name":"Colchagua celebr\u00f3 con \u00e9xito XXVI Fiesta de la Vendimia","description":"La 26\u00aa Fiesta de la Vendimia celebr\u00f3 la cosecha 2026 y conmemor\u00f3 los 30 a\u00f1os de la Ruta del Vino de Colchagua, fundada en 1996 y hoy consolidada como uno de los principales motores tur\u00edsticos y enol\u00f3gicos del pa\u00eds. Durante tres d\u00edas, el Valle de Colchagua vivi\u00f3 una versi\u00f3n especial de su vendimia m\u00e1s emblem\u00e1tica,","inLanguage":"en-GB","isPartOf":{"@id":"https:\/\/dechilealpaladar.cl\/en\/#website"},"breadcrumb":{"@id":"https:\/\/dechilealpaladar.cl\/en\/colchagua-celebro-con-exito-xxvi-fiesta-de-la-vendimia\/#breadcrumblist"},"author":{"@id":"https:\/\/dechilealpaladar.cl\/en\/author\/cristy-alvarez\/#author"},"creator":{"@id":"https:\/\/dechilealpaladar.cl\/en\/author\/cristy-alvarez\/#author"},"image":{"@type":"ImageObject","url":"https:\/\/dechilealpaladar.cl\/wp-content\/uploads\/2026\/03\/miles-de-visitantes-llegaron-a-la-xxvi-fiesta-de-la-vendimia-de-colchagua-para-disfrutar-de-vinos-de-alta-gama-gastronomia-local-y-musica-en-vivo.jpg","@id":"https:\/\/dechilealpaladar.cl\/en\/colchagua-celebro-con-exito-xxvi-fiesta-de-la-vendimia\/#mainImage","width":1160,"height":760,"caption":"Miles de visitantes llegaron a la XXVI Fiesta de la Vendimia de Colchagua para disfrutar de vinos de alta gama gastronom\u00eda local y m\u00fasica en vivo. Foto: Vi\u00f1as de Colchagua."},"primaryImageOfPage":{"@id":"https:\/\/dechilealpaladar.cl\/en\/colchagua-celebro-con-exito-xxvi-fiesta-de-la-vendimia\/#mainImage"},"datePublished":"2026-03-12T11:13:45-03:00","dateModified":"2026-03-12T11:13:45-03:00"},{"@type":"WebSite","@id":"https:\/\/dechilealpaladar.cl\/en\/#website","url":"https:\/\/dechilealpaladar.cl\/en\/","name":"De Chile al Paladar | Noticias del Vino en Chile","alternateName":"De Chile al Paladar","description":"De Chile al Paladar celebra la cultura del vino, gastronom\u00eda y enoturismo, ofreciendo noticias, tendencias y rese\u00f1as con enfoque en el valor del patrimonio vitivin\u00edcola chileno y la sostenibilidad.","inLanguage":"en-GB","publisher":{"@id":"https:\/\/dechilealpaladar.cl\/en\/#organization"}}]},"og:locale":"en_GB","og:site_name":"De Chile al Paladar | Noticias del Vino en Chile - De Chile al Paladar celebra la cultura del vino, gastronom\u00eda y enoturismo, ofreciendo noticias, tendencias y rese\u00f1as con enfoque en el valor del patrimonio vitivin\u00edcola chileno y la sostenibilidad.","og:type":"article","og:title":"Colchagua celebr\u00f3 con \u00e9xito XXVI Fiesta de la Vendimia","og:description":"La 26\u00aa Fiesta de la Vendimia celebr\u00f3 la cosecha 2026 y conmemor\u00f3 los 30 a\u00f1os de la Ruta del Vino de Colchagua, fundada en 1996 y hoy consolidada como uno de los principales motores tur\u00edsticos y enol\u00f3gicos del pa\u00eds. Durante tres d\u00edas, el Valle de Colchagua vivi\u00f3 una versi\u00f3n especial de su vendimia m\u00e1s emblem\u00e1tica,","og:url":"https:\/\/dechilealpaladar.cl\/en\/colchagua-celebro-con-exito-xxvi-fiesta-de-la-vendimia\/","og:image":"https:\/\/dechilealpaladar.cl\/wp-content\/uploads\/2026\/03\/miles-de-visitantes-llegaron-a-la-xxvi-fiesta-de-la-vendimia-de-colchagua-para-disfrutar-de-vinos-de-alta-gama-gastronomia-local-y-musica-en-vivo.jpg","og:image:secure_url":"https:\/\/dechilealpaladar.cl\/wp-content\/uploads\/2026\/03\/miles-de-visitantes-llegaron-a-la-xxvi-fiesta-de-la-vendimia-de-colchagua-para-disfrutar-de-vinos-de-alta-gama-gastronomia-local-y-musica-en-vivo.jpg","og:image:width":1160,"og:image:height":760,"article:published_time":"2026-03-12T14:13:45+00:00","article:modified_time":"2026-03-12T14:13:45+00:00","article:publisher":"https:\/\/facebook.com\/dechilealpaladar","article:author":"https:\/\/www.facebook.com\/CristyAlvarezG\/","twitter:card":"summary_large_image","twitter:title":"Colchagua celebr\u00f3 con \u00e9xito XXVI Fiesta de la Vendimia","twitter:description":"La 26\u00aa Fiesta de la Vendimia celebr\u00f3 la cosecha 2026 y conmemor\u00f3 los 30 a\u00f1os de la Ruta del Vino de Colchagua, fundada en 1996 y hoy consolidada como uno de los principales motores tur\u00edsticos y enol\u00f3gicos del pa\u00eds. Durante tres d\u00edas, el Valle de Colchagua vivi\u00f3 una versi\u00f3n especial de su vendimia m\u00e1s emblem\u00e1tica,","twitter:image":"https:\/\/dechilealpaladar.cl\/wp-content\/uploads\/2026\/03\/miles-de-visitantes-llegaron-a-la-xxvi-fiesta-de-la-vendimia-de-colchagua-para-disfrutar-de-vinos-de-alta-gama-gastronomia-local-y-musica-en-vivo.jpg"},"aioseo_meta_data":{"post_id":"5207","title":null,"description":null,"keywords":null,"keyphrases":{"focus":{"keyphrase":"","score":0,"analysis":{"keyphraseInTitle":{"score":0,"maxScore":9,"error":1}}},"additional":[]},"primary_term":null,"canonical_url":null,"og_title":null,"og_description":null,"og_object_type":"default","og_image_type":"default","og_image_url":null,"og_image_width":null,"og_image_height":null,"og_image_custom_url":null,"og_image_custom_fields":null,"og_video":"","og_custom_url":null,"og_article_section":null,"og_article_tags":null,"twitter_use_og":false,"twitter_card":"default","twitter_image_type":"default","twitter_image_url":null,"twitter_image_custom_url":null,"twitter_image_custom_fields":null,"twitter_title":null,"twitter_description":null,"schema":{"blockGraphs":[],"customGraphs":[],"default":{"data":{"Article":[],"Course":[],"Dataset":[],"FAQPage":[],"Movie":[],"Person":[],"Product":[],"ProductReview":[],"Car":[],"Recipe":[],"Service":[],"SoftwareApplication":[],"WebPage":[]},"graphName":"BlogPosting","isEnabled":true},"graphs":[]},"schema_type":"default","schema_type_options":null,"pillar_content":false,"robots_default":true,"robots_noindex":false,"robots_noarchive":false,"robots_nosnippet":false,"robots_nofollow":false,"robots_noimageindex":false,"robots_noodp":false,"robots_notranslate":false,"robots_max_snippet":"-1","robots_max_videopreview":"-1","robots_max_imagepreview":"large","priority":null,"frequency":"default","local_seo":null,"seo_analyzer_scan_date":"2026-03-12 15:00:37","breadcrumb_settings":null,"limit_modified_date":false,"reviewed_by":"0","open_ai":null,"ai":{"faqs":[],"keyPoints":[],"titles":[],"descriptions":[],"socialPosts":{"email":[],"linkedin":[],"twitter":[],"facebook":[],"instagram":[]}},"created":"2026-03-12 13:42:08","updated":"2026-03-12 15:00:37"},"aioseo_breadcrumb":"<div class=\"aioseo-breadcrumbs\"><span class=\"aioseo-breadcrumb\">\n\t<a href=\"https:\/\/dechilealpaladar.cl\/en\" title=\"Home\">Home<\/a>\n<\/span><span class=\"aioseo-breadcrumb-separator\">\u00bb<\/span><span class=\"aioseo-breadcrumb\">\n\t<a href=\"https:\/\/dechilealpaladar.cl\/en\/category\/vinos\/\" title=\"Vinos\">Vinos<\/a>\n<\/span><span class=\"aioseo-breadcrumb-separator\">\u00bb<\/span><span class=\"aioseo-breadcrumb\">\n\t<a href=\"https:\/\/dechilealpaladar.cl\/en\/category\/vinos\/noticias\/\" title=\"Noticias\">Noticias<\/a>\n<\/span><span class=\"aioseo-breadcrumb-separator\">\u00bb<\/span><span class=\"aioseo-breadcrumb\">\n\tColchagua celebr\u00f3 con \u00e9xito XXVI Fiesta de la Vendimia\n<\/span><\/div>","aioseo_breadcrumb_json":[{"label":"Home","link":"https:\/\/dechilealpaladar.cl\/en"},{"label":"Vinos","link":"https:\/\/dechilealpaladar.cl\/en\/category\/vinos\/"},{"label":"Noticias","link":"https:\/\/dechilealpaladar.cl\/en\/category\/vinos\/noticias\/"},{"label":"Colchagua celebr\u00f3 con \u00e9xito XXVI Fiesta de la Vendimia","link":"https:\/\/dechilealpaladar.cl\/en\/colchagua-celebro-con-exito-xxvi-fiesta-de-la-vendimia\/"}],"_links":{"self":[{"href":"https:\/\/dechilealpaladar.cl\/en\/wp-json\/wp\/v2\/posts\/5207","targetHints":{"allow":["GET"]}}],"collection":[{"href":"https:\/\/dechilealpaladar.cl\/en\/wp-json\/wp\/v2\/posts"}],"about":[{"href":"https:\/\/dechilealpaladar.cl\/en\/wp-json\/wp\/v2\/types\/post"}],"author":[{"embeddable":true,"href":"https:\/\/dechilealpaladar.cl\/en\/wp-json\/wp\/v2\/users\/3"}],"replies":[{"embeddable":true,"href":"https:\/\/dechilealpaladar.cl\/en\/wp-json\/wp\/v2\/comments?post=5207"}],"version-history":[{"count":1,"href":"https:\/\/dechilealpaladar.cl\/en\/wp-json\/wp\/v2\/posts\/5207\/revisions"}],"predecessor-version":[{"id":5210,"href":"https:\/\/dechilealpaladar.cl\/en\/wp-json\/wp\/v2\/posts\/5207\/revisions\/5210"}],"wp:featuredmedia":[{"embeddable":true,"href":"https:\/\/dechilealpaladar.cl\/en\/wp-json\/wp\/v2\/media\/5208"}],"wp:attachment":[{"href":"https:\/\/dechilealpaladar.cl\/en\/wp-json\/wp\/v2\/media?parent=5207"}],"wp:term":[{"taxonomy":"category","embeddable":true,"href":"https:\/\/dechilealpaladar.cl\/en\/wp-json\/wp\/v2\/categories?post=5207"},{"taxonomy":"post_tag","embeddable":true,"href":"https:\/\/dechilealpaladar.cl\/en\/wp-json\/wp\/v2\/tags?post=5207"}],"curies":[{"name":"wp","href":"https:\/\/api.w.org\/{rel}","templated":true}]}}