{"id":5399,"date":"2026-04-28T17:47:36","date_gmt":"2026-04-28T21:47:36","guid":{"rendered":"https:\/\/dechilealpaladar.cl\/?p=5399"},"modified":"2026-04-28T19:44:57","modified_gmt":"2026-04-28T23:44:57","slug":"colchagua-san-fernando-alista-su-2a-fiesta-de-la-vendimia","status":"publish","type":"post","link":"https:\/\/dechilealpaladar.cl\/en\/colchagua-san-fernando-alista-su-2a-fiesta-de-la-vendimia\/","title":{"rendered":"Colchagua: San Fernando prepares its 2nd Grape Harvest Festival"},"content":{"rendered":"<div class=\"relative basis-auto flex-col -mb-(--composer-overlap-px) pb-(--composer-overlap-px) [--composer-overlap-px:28px] grow flex\">\n<div class=\"flex flex-col text-sm pb-25\">\n<section class=\"text-token-text-primary w-full focus:outline-none [--shadow-height:45px] has-data-writing-block:pointer-events-none has-data-writing-block:-mt-(--shadow-height) has-data-writing-block:pt-(--shadow-height) [&amp;:has([data-writing-block])&gt;*]:pointer-events-auto scroll-mt-[calc(var(--header-height)+min(200px,max(70px,20svh)))]\" dir=\"auto\" data-turn-id=\"request-69bc2730-be58-83e9-92b2-f0d4f599d2a0-32\" data-testid=\"conversation-turn-340\" data-scroll-anchor=\"true\" data-turn=\"assistant\">\n<div class=\"text-base my-auto mx-auto pb-10 [--thread-content-margin:var(--thread-content-margin-xs,calc(var(--spacing)*4))] @w-sm\/main:[--thread-content-margin:var(--thread-content-margin-sm,calc(var(--spacing)*6))] @w-lg\/main:[--thread-content-margin:var(--thread-content-margin-lg,calc(var(--spacing)*16))] px-(--thread-content-margin)\">\n<div class=\"[--thread-content-max-width:40rem] @w-lg\/main:[--thread-content-max-width:48rem] mx-auto max-w-(--thread-content-max-width) flex-1 group\/turn-messages focus-visible:outline-hidden relative flex w-full min-w-0 flex-col agent-turn\">\n<div class=\"flex max-w-full flex-col gap-4 grow\">\n<div class=\"min-h-8 text-message relative flex w-full flex-col items-end gap-2 text-start break-words whitespace-normal outline-none keyboard-focused:focus-ring [.text-message+&amp;]:mt-1\" dir=\"auto\" tabindex=\"0\" data-message-author-role=\"assistant\" data-message-id=\"0ccdcef4-be58-4f8e-9eff-208eb04d51e5\" data-message-model-slug=\"gpt-5-3\" data-turn-start-message=\"true\">\n<div class=\"flex w-full flex-col gap-1 empty:hidden\">\n<div class=\"markdown prose dark:prose-invert w-full wrap-break-word light markdown-new-styling\">\n<p data-start=\"419\" data-end=\"835\">Cuando muchas fiestas ya bajan el tel\u00f3n, <strong data-start=\"460\" data-end=\"476\">San Fernando<\/strong> se prepara para ofrecer el gran cierre. Y no es casualidad. La ciudad es reconocida como la <strong data-start=\"569\" data-end=\"612\">puerta de entrada al Valle de Colchagua<\/strong>, una de las regiones vitivin\u00edcolas m\u00e1s prestigiosas de Chile, punto estrat\u00e9gico desde donde se abre el camino hacia vi\u00f1as hist\u00f3ricas, experiencias rurales y algunos de los paisajes m\u00e1s atractivos del centro sur del pa\u00eds.<\/p>\n<p data-start=\"837\" data-end=\"1377\">Rodeada de reconocidas bodegas tradicionales y contempor\u00e1neas, San Fernando tambi\u00e9n guarda verdaderos tesoros hacia el interior del valle, especialmente por su cercan\u00eda con el sector <strong data-start=\"1020\" data-end=\"1039\">Colchagua Andes<\/strong>, una zona cada vez m\u00e1s valorada donde vino, monta\u00f1a y naturaleza conviven con fuerza propia.<\/p>\n<p data-start=\"837\" data-end=\"1377\">Desde aqu\u00ed se proyectan rutas hacia sectores precordilleranos como Puente Negro, Las Pe\u00f1as y Sierras de Bellavista, paisajes que enriquecen la experiencia del visitante con aire puro, tradici\u00f3n campesina y escenarios inolvidables.<\/p>\n<p data-start=\"1379\" data-end=\"1614\">Y para quienes quieren seguir explorando, &#8211; y tengan m\u00e1s tiempo &#8211; al interior de la comuna se encuentran las m\u00edticas <a target=\"_blank\" rel=\"noopener\" href=\"https:\/\/turismosanfernando.cl\/atractivo\/trekking-huella-de-los-dinosaurios\/\"><strong data-start=\"1463\" data-end=\"1509\">Huellas de Dinosaurios de Termas del Flaco<\/strong><\/a>, uno de esos hitos naturales que recuerdan la riqueza geogr\u00e1fica e hist\u00f3rica que rodea a San Fernando.<\/p>\n<p data-start=\"1666\" data-end=\"1966\">La <strong data-start=\"1669\" data-end=\"1699\">Vendimia San Fernando 2026<\/strong> buscar\u00e1 consolidar el \u00e9xito de su primera versi\u00f3n con una apuesta m\u00e1s ambiciosa: m\u00e1s vi\u00f1as, m\u00e1s expositores, una programaci\u00f3n art\u00edstica diversa y una experiencia pensada tanto para vecinos como para visitantes que quieran despedir la temporada brindando en grande.<\/p>\n<figure id=\"attachment_5400\" aria-describedby=\"caption-attachment-5400\" style=\"width: 1920px\" class=\"wp-caption alignnone\"><img fetchpriority=\"high\" decoding=\"async\" class=\"wp-image-5400 size-full\" style=\"font-weight: 600;\" src=\"https:\/\/dechilealpaladar.cl\/wp-content\/uploads\/2026\/04\/15ba2a78-e4c9-473a-ab63-b86ae23217fc.jpeg\" alt=\"San Fernando, puerta de entrada al Valle de Colchagua, se prepara para la \u00faltima gran celebraci\u00f3n de la cosecha 2026. Foto cedida.\" width=\"1920\" height=\"1280\" srcset=\"https:\/\/dechilealpaladar.cl\/wp-content\/uploads\/2026\/04\/15ba2a78-e4c9-473a-ab63-b86ae23217fc.jpeg 1920w, https:\/\/dechilealpaladar.cl\/wp-content\/uploads\/2026\/04\/15ba2a78-e4c9-473a-ab63-b86ae23217fc-300x200.jpeg 300w, https:\/\/dechilealpaladar.cl\/wp-content\/uploads\/2026\/04\/15ba2a78-e4c9-473a-ab63-b86ae23217fc-1024x683.jpeg 1024w, https:\/\/dechilealpaladar.cl\/wp-content\/uploads\/2026\/04\/15ba2a78-e4c9-473a-ab63-b86ae23217fc-768x512.jpeg 768w, https:\/\/dechilealpaladar.cl\/wp-content\/uploads\/2026\/04\/15ba2a78-e4c9-473a-ab63-b86ae23217fc-1536x1024.jpeg 1536w, https:\/\/dechilealpaladar.cl\/wp-content\/uploads\/2026\/04\/15ba2a78-e4c9-473a-ab63-b86ae23217fc-18x12.jpeg 18w, https:\/\/dechilealpaladar.cl\/wp-content\/uploads\/2026\/04\/15ba2a78-e4c9-473a-ab63-b86ae23217fc-750x500.jpeg 750w, https:\/\/dechilealpaladar.cl\/wp-content\/uploads\/2026\/04\/15ba2a78-e4c9-473a-ab63-b86ae23217fc-1140x760.jpeg 1140w\" sizes=\"(max-width: 1920px) 100vw, 1920px\" \/><figcaption id=\"caption-attachment-5400\" class=\"wp-caption-text\">San Fernando, puerta de entrada al Valle de Colchagua, se prepara para la \u00faltima gran celebraci\u00f3n de la cosecha 2026. Foto cedida.<\/figcaption><\/figure>\n<h4 data-start=\"2132\" data-end=\"2172\">Tres d\u00edas de vino, m\u00fasica y encuentro<\/h4>\n<p data-start=\"2174\" data-end=\"2406\">La celebraci\u00f3n se desarrollar\u00e1 en la <strong data-start=\"2211\" data-end=\"2245\">Plaza de Armas de San Fernando<\/strong>, transformando el centro de la ciudad en un gran punto de encuentro para disfrutar del vino, la gastronom\u00eda local y espect\u00e1culos en vivo para toda la familia.<\/p>\n<p data-start=\"2408\" data-end=\"2489\">La I. Municipalidad de San Fernando confirm\u00f3 tres nombres fuertes para liderar el escenario principal:<\/p>\n<p data-start=\"2491\" data-end=\"2631\"><strong data-start=\"2494\" data-end=\"2516\">Viernes 1 de mayo:<\/strong> <span class=\"hover:entity-accent entity-underline inline cursor-pointer align-baseline\"><span class=\"whitespace-normal\">Alanys Lagos<\/span><\/span>, una de las voces emergentes m\u00e1s populares de la m\u00fasica tropical ranchera.<\/p>\n<p data-start=\"2633\" data-end=\"2774\"><strong data-start=\"2636\" data-end=\"2657\">S\u00e1bado 2 de mayo:<\/strong> <span class=\"hover:entity-accent entity-underline inline cursor-pointer align-baseline\"><span class=\"whitespace-normal\">Nicole<\/span><\/span>, con cl\u00e1sicos que han acompa\u00f1ado generaciones y una trayectoria consolidada.<\/p>\n<p data-start=\"2776\" data-end=\"2903\"><strong data-start=\"2779\" data-end=\"2801\">Domingo 3 de mayo:<\/strong> <span class=\"hover:entity-accent entity-underline inline cursor-pointer align-baseline\"><span class=\"whitespace-normal\">Garras de Amor<\/span><\/span>, encargados de cerrar con ritmo, romanticismo y fiesta total.<\/p>\n<p data-start=\"2905\" data-end=\"3027\">Una programaci\u00f3n transversal que confirma a la vendimia como una celebraci\u00f3n abierta, diversa y profundamente ciudadana.<\/p>\n<h4 data-start=\"3029\" data-end=\"3063\">El talento local tambi\u00e9n se har\u00e1 presente<\/h4>\n<p data-start=\"3065\" data-end=\"3299\">Uno de los sellos m\u00e1s atractivos de esta edici\u00f3n ser\u00e1 el fuerte protagonismo local. M\u00e1s del 75% de la programaci\u00f3n art\u00edstica estar\u00e1 integrada por exponentes de la comuna y la zona, reforzando la identidad cultural sanfernandina.<\/p>\n<p data-start=\"3301\" data-end=\"3546\">Sobre el escenario pasar\u00e1n agrupaciones como D\u00fao Maitinada, Parientes de Roma, Ballet Folcl\u00f3rico Municipal, Club de Cuecas San Fernando, Big Band Municipal, Pancho Alva y otras propuestas que aportar\u00e1n ra\u00edces, energ\u00eda y sentido de pertenencia.<\/p>\n<p data-start=\"3548\" data-end=\"3675\">Porque una fiesta de la vendimia no solo se disfruta con copas y vinos: tambi\u00e9n se vive en la m\u00fasica, en la danza y en el encuentro.<\/p>\n<figure id=\"attachment_5402\" aria-describedby=\"caption-attachment-5402\" style=\"width: 1920px\" class=\"wp-caption alignnone\"><img decoding=\"async\" class=\"size-full wp-image-5402\" src=\"https:\/\/dechilealpaladar.cl\/wp-content\/uploads\/2026\/04\/104-img_3715.jpg\" alt=\"San Fernando ser\u00e1 el punto de encuentro de los visitantes para brindar, disfrutar y despedir la temporada en grande. Foto: Cedida.\" width=\"1920\" height=\"1280\" srcset=\"https:\/\/dechilealpaladar.cl\/wp-content\/uploads\/2026\/04\/104-img_3715.jpg 1920w, https:\/\/dechilealpaladar.cl\/wp-content\/uploads\/2026\/04\/104-img_3715-300x200.jpg 300w, https:\/\/dechilealpaladar.cl\/wp-content\/uploads\/2026\/04\/104-img_3715-1024x683.jpg 1024w, https:\/\/dechilealpaladar.cl\/wp-content\/uploads\/2026\/04\/104-img_3715-768x512.jpg 768w, https:\/\/dechilealpaladar.cl\/wp-content\/uploads\/2026\/04\/104-img_3715-1536x1024.jpg 1536w, https:\/\/dechilealpaladar.cl\/wp-content\/uploads\/2026\/04\/104-img_3715-18x12.jpg 18w, https:\/\/dechilealpaladar.cl\/wp-content\/uploads\/2026\/04\/104-img_3715-750x500.jpg 750w, https:\/\/dechilealpaladar.cl\/wp-content\/uploads\/2026\/04\/104-img_3715-1140x760.jpg 1140w\" sizes=\"(max-width: 1920px) 100vw, 1920px\" \/><figcaption id=\"caption-attachment-5402\" class=\"wp-caption-text\">San Fernando ser\u00e1 el punto de encuentro de los visitantes para brindar, disfrutar y despedir la temporada en grande. Foto: Cedida.<\/figcaption><\/figure>\n<h4 data-start=\"3677\" data-end=\"3720\">28 stands de vi\u00f1as colchag\u00fcinas para recorrer<\/h4>\n<p data-start=\"3722\" data-end=\"4122\">El vino ser\u00e1, por supuesto, el gran protagonista. La organizaci\u00f3n anunci\u00f3 la presencia de <strong data-start=\"3812\" data-end=\"3838\">28 vi\u00f1as y expositores<\/strong>, entre ellas destacadas bodegas del valle como <span class=\"hover:entity-accent entity-underline inline cursor-pointer align-baseline\"><span class=\"whitespace-normal\">Vi\u00f1a Ravanal<\/span><\/span>, <span class=\"hover:entity-accent entity-underline inline cursor-pointer align-baseline\"><span class=\"whitespace-normal\">Viu Manent<\/span><\/span>, <span class=\"hover:entity-accent entity-underline inline cursor-pointer align-baseline\"><span class=\"whitespace-normal\">MontGras<\/span><\/span>, <span class=\"hover:entity-accent entity-underline inline cursor-pointer align-baseline\"><span class=\"whitespace-normal\">Casa Silva<\/span><\/span>, <span class=\"hover:entity-accent entity-underline inline cursor-pointer align-baseline\"><span class=\"whitespace-normal\">Koyle<\/span><\/span> y <span class=\"hover:entity-accent entity-underline inline cursor-pointer align-baseline\"><span class=\"whitespace-normal\">Laura Hartwig<\/span><\/span>.<\/p>\n<p data-start=\"4124\" data-end=\"4276\">Tambi\u00e9n participar\u00e1n proyectos m\u00e1s peque\u00f1os y productores campesinos, permitiendo descubrir nuevas etiquetas y distintas miradas del vino colchag\u00fcino.<\/p>\n<p data-start=\"4278\" data-end=\"4410\">Para el visitante, eso significa una gran oportunidad: recorrer el valle sin salir de la plaza y probar su diversidad copa a copa.<\/p>\n<h4 data-start=\"4412\" data-end=\"4442\">Una ciudad f\u00e1cil de visitar<\/h4>\n<p data-start=\"4444\" data-end=\"4699\">Otro punto a favor de San Fernando es su excelente conectividad. Se puede llegar c\u00f3modamente en <a target=\"_blank\" rel=\"noopener\" href=\"https:\/\/www.efe.cl\/\"><strong data-start=\"4540\" data-end=\"4548\">tren<\/strong><\/a>, en <strong data-start=\"4553\" data-end=\"4616\">buses <\/strong>con salidas y llegadas frecuentes durante todo el d\u00eda, o en veh\u00edculo particular gracias a su cercan\u00eda inmediata con la <strong data-start=\"4682\" data-end=\"4696\">Ruta 5 Sur<\/strong>.<\/p>\n<p data-start=\"4701\" data-end=\"4861\">Eso la convierte en un destino ideal tanto para escapadas de un d\u00eda como para estad\u00edas de fin de semana explorando vi\u00f1as, restaurantes y atractivos del valle.<\/p>\n<p data-start=\"4886\" data-end=\"5128\">\u00bfQu\u00e9 encontrar\u00e1s? Degustaciones, vi\u00f1as, gastronom\u00eda y artesan\u00eda.\u00a0Shows en vivo y artistas locales.<br data-start=\"5038\" data-end=\"5041\" \/>Recuerda que la ciudad tiene f\u00e1cil acceso en tren, bus o auto particular, y es un panorama ideal para toda la familia. Si todav\u00eda te quedaba una \u00faltima escapada para celebrar la cosecha 2026, San Fernando parece tener la respuesta: grandes vinos del territorio y Colchagua celebrando en grande.<\/p>\n<hr \/>\n<p data-start=\"4886\" data-end=\"5128\">Encuentra <a target=\"_blank\" rel=\"noopener\" href=\"https:\/\/www.instagram.com\/vive.sanfernandocl\/\">aqu\u00ed toda la programaci\u00f3n<\/a>.<\/p>\n<p data-start=\"4886\" data-end=\"5128\">\u00bfD\u00f3nde?: <strong>Plaza de Armas de San Fernando.<\/strong><br data-start=\"4919\" data-end=\"4922\" \/>\u00bfCu\u00e1ndo?: <strong>1, 2 y 3 de mayo de 2026<\/strong>.<\/p>\n<\/div>\n<\/div>\n<\/div>\n<\/div>\n<\/div>\n<div class=\"z-0 flex min-h-[46px] justify-start\">Revisa m\u00e1s contenido <a target=\"_blank\" rel=\"noopener\" href=\"https:\/\/www.instagram.com\/dechilealpaladar\/\">#DCAP<\/a> en <a href=\"https:\/\/dechilealpaladar.cl\/menos-cantidad-mas-calidad-auge-del-vino-premium-en-chile\/\">Menos cantidad, m\u00e1s calidad: auge del vino premium en Chile<\/a>.<\/div>\n<\/div>\n<\/section>\n<\/div>\n<\/div>\n","protected":false},"excerpt":{"rendered":"<p>Cuando muchas fiestas ya bajan el tel\u00f3n, San Fernando se prepara para ofrecer el gran cierre. Y no es casualidad. La ciudad es reconocida como la puerta de entrada al Valle de Colchagua, una de las regiones vitivin\u00edcolas m\u00e1s prestigiosas de Chile, punto estrat\u00e9gico desde donde se abre el camino hacia vi\u00f1as hist\u00f3ricas, experiencias rurales [&hellip;]<\/p>\n","protected":false},"author":3,"featured_media":5401,"comment_status":"open","ping_status":"closed","sticky":false,"template":"","format":"standard","meta":{"jnews-multi-image_gallery":[],"jnews_single_post":{"format":"standard","override":[{"template":"1","parallax":"1","fullscreen":"1","layout":"right-sidebar","sidebar":"sidebar-single-post","second_sidebar":"default-sidebar","sticky_sidebar":"1","share_position":"top","share_float_style":"share-monocrhome","show_view_counter":"1","show_featured":"1","show_post_meta":"1","show_post_author":"1","show_post_author_image":"1","show_post_date":"1","post_date_format":"default","post_date_format_custom":"Y\/m\/d","show_post_category":"1","show_post_reading_time":"1","post_reading_time_wpm":"300","post_calculate_word_method":"str_word_count","show_zoom_button":"1","zoom_button_out_step":"2","zoom_button_in_step":"3","show_post_tag":"1","show_prev_next_post":"1","show_popup_post":"1","show_comment_section":"1","number_popup_post":"1","show_author_box":"1","show_post_related":"1"}],"image_override":[{"single_post_thumbnail_size":"crop-500","single_post_gallery_size":"crop-500"}],"trending_post_position":"meta","trending_post_label":"Trending","sponsored_post_label":"Sponsored by","disable_ad":"0","subtitle":"Del 1 al 3 de mayo, la Plaza de Armas sanfernandina volver\u00e1 a llenarse de copas, shows en vivo, gastronom\u00eda y tradici\u00f3n con una nueva edici\u00f3n de su Fiesta de la Vendimia, la \u00faltima gran celebraci\u00f3n en honor a la cosecha 2026 en la Regi\u00f3n de O\u2019Higgins y del pa\u00eds."},"jnews_primary_category":[],"jnews_review":[],"enable_review":"","type":"percentage","name":"","summary":"","brand":"","sku":"","good":[],"bad":[],"score_override":"","override_value":"","rating":[],"price":[],"jnews_override_counter":{"view_counter_number":"0","share_counter_number":"0","like_counter_number":"0","dislike_counter_number":"0"},"footnotes":""},"categories":[42,125,6,11],"tags":[296,269,122,253,297],"class_list":["post-5399","post","type-post","status-publish","format-standard","has-post-thumbnail","hentry","category-enoturismo","category-viajes","category-noticias","category-vinos","tag-2a-fiesta-de-la-vendimia","tag-san-fernando","tag-valle-de-colchagua","tag-vendimia-2026","tag-vinos-de-colchagua"],"aioseo_notices":[],"aioseo_head":"\n\t\t<!-- All in One SEO Pro 4.9.5.2 - aioseo.com -->\n\t<meta name=\"description\" content=\"Cuando muchas fiestas ya bajan el tel\u00f3n, San Fernando se prepara para ofrecer el gran cierre. Y no es casualidad. La ciudad es reconocida como la puerta de entrada al Valle de Colchagua, una de las regiones vitivin\u00edcolas m\u00e1s prestigiosas de Chile, punto estrat\u00e9gico desde donde se abre el camino hacia vi\u00f1as hist\u00f3ricas, experiencias rurales\" \/>\n\t<meta name=\"robots\" content=\"max-image-preview:large\" \/>\n\t<meta name=\"author\" content=\"Cristy \u00c1lvarez\"\/>\n\t<meta name=\"google-site-verification\" content=\"FwbYXf8NSX7K5fFr17ZmyxG2GPBjQNe6D5Z26IIESJA\" \/>\n\t<meta name=\"p:domain_verify\" content=\"b1ea975e07205230074b4f8d7926d7df\" \/>\n\t<link rel=\"canonical\" href=\"https:\/\/dechilealpaladar.cl\/en\/colchagua-san-fernando-alista-su-2a-fiesta-de-la-vendimia\/\" \/>\n\t<meta name=\"generator\" content=\"All in One SEO Pro (AIOSEO) 4.9.5.2\" \/>\n\t\t<meta property=\"og:locale\" content=\"en_GB\" \/>\n\t\t<meta property=\"og:site_name\" content=\"De Chile al Paladar | Noticias del Vino en Chile - De Chile al Paladar celebra la cultura del vino, gastronom\u00eda y enoturismo, ofreciendo noticias, tendencias y rese\u00f1as con enfoque en el valor del patrimonio vitivin\u00edcola chileno y la sostenibilidad.\" \/>\n\t\t<meta property=\"og:type\" content=\"article\" \/>\n\t\t<meta property=\"og:title\" content=\"Colchagua: San Fernando alista su 2a Fiesta de la Vendimia\" \/>\n\t\t<meta property=\"og:description\" content=\"Cuando muchas fiestas ya bajan el tel\u00f3n, San Fernando se prepara para ofrecer el gran cierre. Y no es casualidad. La ciudad es reconocida como la puerta de entrada al Valle de Colchagua, una de las regiones vitivin\u00edcolas m\u00e1s prestigiosas de Chile, punto estrat\u00e9gico desde donde se abre el camino hacia vi\u00f1as hist\u00f3ricas, experiencias rurales\" \/>\n\t\t<meta property=\"og:url\" content=\"https:\/\/dechilealpaladar.cl\/en\/colchagua-san-fernando-alista-su-2a-fiesta-de-la-vendimia\/\" \/>\n\t\t<meta property=\"og:image\" content=\"https:\/\/dechilealpaladar.cl\/wp-content\/uploads\/2026\/04\/115-img_3669.jpg\" \/>\n\t\t<meta property=\"og:image:secure_url\" content=\"https:\/\/dechilealpaladar.cl\/wp-content\/uploads\/2026\/04\/115-img_3669.jpg\" \/>\n\t\t<meta property=\"og:image:width\" content=\"1920\" \/>\n\t\t<meta property=\"og:image:height\" content=\"1280\" \/>\n\t\t<meta property=\"article:published_time\" content=\"2026-04-28T21:47:36+00:00\" \/>\n\t\t<meta property=\"article:modified_time\" content=\"2026-04-28T23:44:57+00:00\" \/>\n\t\t<meta property=\"article:publisher\" content=\"https:\/\/facebook.com\/dechilealpaladar\" \/>\n\t\t<meta property=\"article:author\" content=\"https:\/\/www.facebook.com\/CristyAlvarezG\/\" \/>\n\t\t<meta name=\"twitter:card\" content=\"summary_large_image\" \/>\n\t\t<meta name=\"twitter:title\" content=\"Colchagua: San Fernando alista su 2a Fiesta de la Vendimia\" \/>\n\t\t<meta name=\"twitter:description\" content=\"Cuando muchas fiestas ya bajan el tel\u00f3n, San Fernando se prepara para ofrecer el gran cierre. Y no es casualidad. La ciudad es reconocida como la puerta de entrada al Valle de Colchagua, una de las regiones vitivin\u00edcolas m\u00e1s prestigiosas de Chile, punto estrat\u00e9gico desde donde se abre el camino hacia vi\u00f1as hist\u00f3ricas, experiencias rurales\" \/>\n\t\t<meta name=\"twitter:image\" content=\"https:\/\/dechilealpaladar.cl\/wp-content\/uploads\/2026\/04\/115-img_3669.jpg\" \/>\n\t\t<script type=\"application\/ld+json\" class=\"aioseo-schema\">\n\t\t\t{\"@context\":\"https:\\\/\\\/schema.org\",\"@graph\":[{\"@type\":\"BlogPosting\",\"@id\":\"https:\\\/\\\/dechilealpaladar.cl\\\/en\\\/colchagua-san-fernando-alista-su-2a-fiesta-de-la-vendimia\\\/#blogposting\",\"name\":\"Colchagua: San Fernando alista su 2a Fiesta de la Vendimia\",\"headline\":\"Colchagua: San Fernando alista su 2a Fiesta de la Vendimia\",\"author\":{\"@id\":\"https:\\\/\\\/dechilealpaladar.cl\\\/en\\\/author\\\/cristy-alvarez\\\/#author\"},\"publisher\":{\"@id\":\"https:\\\/\\\/dechilealpaladar.cl\\\/en\\\/#organization\"},\"image\":{\"@type\":\"ImageObject\",\"url\":\"https:\\\/\\\/dechilealpaladar.cl\\\/wp-content\\\/uploads\\\/2026\\\/04\\\/115-img_3669.jpg\",\"width\":1920,\"height\":1280,\"caption\":\"Vinos, gastronom\\u00eda, m\\u00fasica y esp\\u00edritu colchag\\u00fcino del 1 al 3 de mayo en Plaza de Armas de San Fernando. Foto: Cedida.\"},\"datePublished\":\"2026-04-28T17:47:36-04:00\",\"dateModified\":\"2026-04-28T19:44:57-04:00\",\"inLanguage\":\"en-GB\",\"mainEntityOfPage\":{\"@id\":\"https:\\\/\\\/dechilealpaladar.cl\\\/en\\\/colchagua-san-fernando-alista-su-2a-fiesta-de-la-vendimia\\\/#webpage\"},\"isPartOf\":{\"@id\":\"https:\\\/\\\/dechilealpaladar.cl\\\/en\\\/colchagua-san-fernando-alista-su-2a-fiesta-de-la-vendimia\\\/#webpage\"},\"articleSection\":\"Enoturismo, Experiencias, Noticias, Vinos, 2a Fiesta de la Vendimia, San Fernando, Valle de Colchagua, Vendimia 2026, Vinos de Colchagua\"},{\"@type\":\"BreadcrumbList\",\"@id\":\"https:\\\/\\\/dechilealpaladar.cl\\\/en\\\/colchagua-san-fernando-alista-su-2a-fiesta-de-la-vendimia\\\/#breadcrumblist\",\"itemListElement\":[{\"@type\":\"ListItem\",\"@id\":\"https:\\\/\\\/dechilealpaladar.cl\\\/en#listItem\",\"position\":1,\"name\":\"Home\",\"item\":\"https:\\\/\\\/dechilealpaladar.cl\\\/en\",\"nextItem\":{\"@type\":\"ListItem\",\"@id\":\"https:\\\/\\\/dechilealpaladar.cl\\\/en\\\/category\\\/vinos\\\/#listItem\",\"name\":\"Vinos\"}},{\"@type\":\"ListItem\",\"@id\":\"https:\\\/\\\/dechilealpaladar.cl\\\/en\\\/category\\\/vinos\\\/#listItem\",\"position\":2,\"name\":\"Vinos\",\"item\":\"https:\\\/\\\/dechilealpaladar.cl\\\/en\\\/category\\\/vinos\\\/\",\"nextItem\":{\"@type\":\"ListItem\",\"@id\":\"https:\\\/\\\/dechilealpaladar.cl\\\/en\\\/category\\\/vinos\\\/noticias\\\/#listItem\",\"name\":\"Noticias\"},\"previousItem\":{\"@type\":\"ListItem\",\"@id\":\"https:\\\/\\\/dechilealpaladar.cl\\\/en#listItem\",\"name\":\"Home\"}},{\"@type\":\"ListItem\",\"@id\":\"https:\\\/\\\/dechilealpaladar.cl\\\/en\\\/category\\\/vinos\\\/noticias\\\/#listItem\",\"position\":3,\"name\":\"Noticias\",\"item\":\"https:\\\/\\\/dechilealpaladar.cl\\\/en\\\/category\\\/vinos\\\/noticias\\\/\",\"nextItem\":{\"@type\":\"ListItem\",\"@id\":\"https:\\\/\\\/dechilealpaladar.cl\\\/en\\\/colchagua-san-fernando-alista-su-2a-fiesta-de-la-vendimia\\\/#listItem\",\"name\":\"Colchagua: San Fernando alista su 2a Fiesta de la Vendimia\"},\"previousItem\":{\"@type\":\"ListItem\",\"@id\":\"https:\\\/\\\/dechilealpaladar.cl\\\/en\\\/category\\\/vinos\\\/#listItem\",\"name\":\"Vinos\"}},{\"@type\":\"ListItem\",\"@id\":\"https:\\\/\\\/dechilealpaladar.cl\\\/en\\\/colchagua-san-fernando-alista-su-2a-fiesta-de-la-vendimia\\\/#listItem\",\"position\":4,\"name\":\"Colchagua: San Fernando alista su 2a Fiesta de la Vendimia\",\"previousItem\":{\"@type\":\"ListItem\",\"@id\":\"https:\\\/\\\/dechilealpaladar.cl\\\/en\\\/category\\\/vinos\\\/noticias\\\/#listItem\",\"name\":\"Noticias\"}}]},{\"@type\":\"Organization\",\"@id\":\"https:\\\/\\\/dechilealpaladar.cl\\\/en\\\/#organization\",\"name\":\"De Chile al Paladar\",\"description\":\"De Chile al Paladar es una plataforma dedicada a celebrar y promover la cultura del vino y la gastronom\\u00eda en Chile. Ofrecemos rese\\u00f1as de vinos, maridajes, tendencias, noticias y panoramas, destacando tanto los vinos tradicionales como los de peque\\u00f1os productores. Inspiramos a amantes del vino y la buena mesa a descubrir catas, ferias y las riquezas de la gastronom\\u00eda chilena.\",\"url\":\"https:\\\/\\\/dechilealpaladar.cl\\\/en\\\/\",\"email\":\"equipo@dechilealpaladar.cl\",\"telephone\":\"+56976152439\",\"foundingDate\":\"2025-03-01\",\"numberOfEmployees\":{\"@type\":\"QuantitativeValue\",\"minValue\":0,\"maxValue\":10},\"logo\":{\"@type\":\"ImageObject\",\"url\":\"https:\\\/\\\/dechilealpaladar.cl\\\/wp-content\\\/uploads\\\/2024\\\/11\\\/De_Chile_al_Paladar_Logo_Color-1.png\",\"@id\":\"https:\\\/\\\/dechilealpaladar.cl\\\/en\\\/colchagua-san-fernando-alista-su-2a-fiesta-de-la-vendimia\\\/#organizationLogo\",\"width\":310,\"height\":200,\"caption\":\"DeChileAlPaladar\"},\"image\":{\"@id\":\"https:\\\/\\\/dechilealpaladar.cl\\\/en\\\/colchagua-san-fernando-alista-su-2a-fiesta-de-la-vendimia\\\/#organizationLogo\"},\"sameAs\":[\"https:\\\/\\\/facebook.com\\\/dechilealpaladar\",\"https:\\\/\\\/instagram.com\\\/dechilealpaladar\",\"https:\\\/\\\/youtube.com\\\/dechilealpaladar\",\"https:\\\/\\\/linkedin.com\\\/in\\\/dechilealpaladar\"]},{\"@type\":\"Person\",\"@id\":\"https:\\\/\\\/dechilealpaladar.cl\\\/en\\\/author\\\/cristy-alvarez\\\/#author\",\"url\":\"https:\\\/\\\/dechilealpaladar.cl\\\/en\\\/author\\\/cristy-alvarez\\\/\",\"name\":\"Cristy \\u00c1lvarez\",\"image\":{\"@type\":\"ImageObject\",\"url\":\"https:\\\/\\\/dechilealpaladar.cl\\\/wp-content\\\/uploads\\\/2024\\\/12\\\/cristy_alvarez_vino-mujeres.jpg\"},\"sameAs\":[\"https:\\\/\\\/www.facebook.com\\\/CristyAlvarezG\\\/\",\"https:\\\/\\\/www.instagram.com\\\/vinolacristy\\\/\"],\"description\":\"Cristina \\u00c1lvarez G., periodista y sommelier chilena. Desde 2024 es presidenta de MUV Chile, abogando por la visibilidad de sus integrantes, propiciando unidas alianzas y acciones diversas en torno a la promoci\\u00f3n de la cultura del vino chileno.\",\"knowsLanguage\":[\"Spanish\",\"English\"]},{\"@type\":\"WebPage\",\"@id\":\"https:\\\/\\\/dechilealpaladar.cl\\\/en\\\/colchagua-san-fernando-alista-su-2a-fiesta-de-la-vendimia\\\/#webpage\",\"url\":\"https:\\\/\\\/dechilealpaladar.cl\\\/en\\\/colchagua-san-fernando-alista-su-2a-fiesta-de-la-vendimia\\\/\",\"name\":\"Colchagua: San Fernando alista su 2a Fiesta de la Vendimia\",\"description\":\"Cuando muchas fiestas ya bajan el tel\\u00f3n, San Fernando se prepara para ofrecer el gran cierre. Y no es casualidad. La ciudad es reconocida como la puerta de entrada al Valle de Colchagua, una de las regiones vitivin\\u00edcolas m\\u00e1s prestigiosas de Chile, punto estrat\\u00e9gico desde donde se abre el camino hacia vi\\u00f1as hist\\u00f3ricas, experiencias rurales\",\"inLanguage\":\"en-GB\",\"isPartOf\":{\"@id\":\"https:\\\/\\\/dechilealpaladar.cl\\\/en\\\/#website\"},\"breadcrumb\":{\"@id\":\"https:\\\/\\\/dechilealpaladar.cl\\\/en\\\/colchagua-san-fernando-alista-su-2a-fiesta-de-la-vendimia\\\/#breadcrumblist\"},\"author\":{\"@id\":\"https:\\\/\\\/dechilealpaladar.cl\\\/en\\\/author\\\/cristy-alvarez\\\/#author\"},\"creator\":{\"@id\":\"https:\\\/\\\/dechilealpaladar.cl\\\/en\\\/author\\\/cristy-alvarez\\\/#author\"},\"image\":{\"@type\":\"ImageObject\",\"url\":\"https:\\\/\\\/dechilealpaladar.cl\\\/wp-content\\\/uploads\\\/2026\\\/04\\\/115-img_3669.jpg\",\"@id\":\"https:\\\/\\\/dechilealpaladar.cl\\\/en\\\/colchagua-san-fernando-alista-su-2a-fiesta-de-la-vendimia\\\/#mainImage\",\"width\":1920,\"height\":1280,\"caption\":\"Vinos, gastronom\\u00eda, m\\u00fasica y esp\\u00edritu colchag\\u00fcino del 1 al 3 de mayo en Plaza de Armas de San Fernando. Foto: Cedida.\"},\"primaryImageOfPage\":{\"@id\":\"https:\\\/\\\/dechilealpaladar.cl\\\/en\\\/colchagua-san-fernando-alista-su-2a-fiesta-de-la-vendimia\\\/#mainImage\"},\"datePublished\":\"2026-04-28T17:47:36-04:00\",\"dateModified\":\"2026-04-28T19:44:57-04:00\"},{\"@type\":\"WebSite\",\"@id\":\"https:\\\/\\\/dechilealpaladar.cl\\\/en\\\/#website\",\"url\":\"https:\\\/\\\/dechilealpaladar.cl\\\/en\\\/\",\"name\":\"De Chile al Paladar | Noticias del Vino en Chile\",\"alternateName\":\"De Chile al Paladar\",\"description\":\"De Chile al Paladar celebra la cultura del vino, gastronom\\u00eda y enoturismo, ofreciendo noticias, tendencias y rese\\u00f1as con enfoque en el valor del patrimonio vitivin\\u00edcola chileno y la sostenibilidad.\",\"inLanguage\":\"en-GB\",\"publisher\":{\"@id\":\"https:\\\/\\\/dechilealpaladar.cl\\\/en\\\/#organization\"}}]}\n\t\t<\/script>\n\t\t<!-- All in One SEO Pro -->\r\n\t\t<title>Colchagua: San Fernando alista su 2a Fiesta de la Vendimia<\/title>\n\n","aioseo_head_json":{"title":"Colchagua: San Fernando prepares its 2nd Grape Harvest Festival","description":"Cuando muchas fiestas ya bajan el tel\u00f3n, San Fernando se prepara para ofrecer el gran cierre. Y no es casualidad. La ciudad es reconocida como la puerta de entrada al Valle de Colchagua, una de las regiones vitivin\u00edcolas m\u00e1s prestigiosas de Chile, punto estrat\u00e9gico desde donde se abre el camino hacia vi\u00f1as hist\u00f3ricas, experiencias rurales","canonical_url":"https:\/\/dechilealpaladar.cl\/en\/colchagua-san-fernando-alista-su-2a-fiesta-de-la-vendimia\/","robots":"max-image-preview:large","keywords":"","webmasterTools":{"google-site-verification":"FwbYXf8NSX7K5fFr17ZmyxG2GPBjQNe6D5Z26IIESJA","p:domain_verify":"b1ea975e07205230074b4f8d7926d7df","miscellaneous":""},"schema":{"@context":"https:\/\/schema.org","@graph":[{"@type":"BlogPosting","@id":"https:\/\/dechilealpaladar.cl\/en\/colchagua-san-fernando-alista-su-2a-fiesta-de-la-vendimia\/#blogposting","name":"Colchagua: San Fernando alista su 2a Fiesta de la Vendimia","headline":"Colchagua: San Fernando alista su 2a Fiesta de la Vendimia","author":{"@id":"https:\/\/dechilealpaladar.cl\/en\/author\/cristy-alvarez\/#author"},"publisher":{"@id":"https:\/\/dechilealpaladar.cl\/en\/#organization"},"image":{"@type":"ImageObject","url":"https:\/\/dechilealpaladar.cl\/wp-content\/uploads\/2026\/04\/115-img_3669.jpg","width":1920,"height":1280,"caption":"Vinos, gastronom\u00eda, m\u00fasica y esp\u00edritu colchag\u00fcino del 1 al 3 de mayo en Plaza de Armas de San Fernando. Foto: Cedida."},"datePublished":"2026-04-28T17:47:36-04:00","dateModified":"2026-04-28T19:44:57-04:00","inLanguage":"en-GB","mainEntityOfPage":{"@id":"https:\/\/dechilealpaladar.cl\/en\/colchagua-san-fernando-alista-su-2a-fiesta-de-la-vendimia\/#webpage"},"isPartOf":{"@id":"https:\/\/dechilealpaladar.cl\/en\/colchagua-san-fernando-alista-su-2a-fiesta-de-la-vendimia\/#webpage"},"articleSection":"Enoturismo, Experiencias, Noticias, Vinos, 2a Fiesta de la Vendimia, San Fernando, Valle de Colchagua, Vendimia 2026, Vinos de Colchagua"},{"@type":"BreadcrumbList","@id":"https:\/\/dechilealpaladar.cl\/en\/colchagua-san-fernando-alista-su-2a-fiesta-de-la-vendimia\/#breadcrumblist","itemListElement":[{"@type":"ListItem","@id":"https:\/\/dechilealpaladar.cl\/en#listItem","position":1,"name":"Home","item":"https:\/\/dechilealpaladar.cl\/en","nextItem":{"@type":"ListItem","@id":"https:\/\/dechilealpaladar.cl\/en\/category\/vinos\/#listItem","name":"Vinos"}},{"@type":"ListItem","@id":"https:\/\/dechilealpaladar.cl\/en\/category\/vinos\/#listItem","position":2,"name":"Vinos","item":"https:\/\/dechilealpaladar.cl\/en\/category\/vinos\/","nextItem":{"@type":"ListItem","@id":"https:\/\/dechilealpaladar.cl\/en\/category\/vinos\/noticias\/#listItem","name":"Noticias"},"previousItem":{"@type":"ListItem","@id":"https:\/\/dechilealpaladar.cl\/en#listItem","name":"Home"}},{"@type":"ListItem","@id":"https:\/\/dechilealpaladar.cl\/en\/category\/vinos\/noticias\/#listItem","position":3,"name":"Noticias","item":"https:\/\/dechilealpaladar.cl\/en\/category\/vinos\/noticias\/","nextItem":{"@type":"ListItem","@id":"https:\/\/dechilealpaladar.cl\/en\/colchagua-san-fernando-alista-su-2a-fiesta-de-la-vendimia\/#listItem","name":"Colchagua: San Fernando alista su 2a Fiesta de la Vendimia"},"previousItem":{"@type":"ListItem","@id":"https:\/\/dechilealpaladar.cl\/en\/category\/vinos\/#listItem","name":"Vinos"}},{"@type":"ListItem","@id":"https:\/\/dechilealpaladar.cl\/en\/colchagua-san-fernando-alista-su-2a-fiesta-de-la-vendimia\/#listItem","position":4,"name":"Colchagua: San Fernando alista su 2a Fiesta de la Vendimia","previousItem":{"@type":"ListItem","@id":"https:\/\/dechilealpaladar.cl\/en\/category\/vinos\/noticias\/#listItem","name":"Noticias"}}]},{"@type":"Organization","@id":"https:\/\/dechilealpaladar.cl\/en\/#organization","name":"De Chile al Paladar","description":"De Chile al Paladar es una plataforma dedicada a celebrar y promover la cultura del vino y la gastronom\u00eda en Chile. Ofrecemos rese\u00f1as de vinos, maridajes, tendencias, noticias y panoramas, destacando tanto los vinos tradicionales como los de peque\u00f1os productores. Inspiramos a amantes del vino y la buena mesa a descubrir catas, ferias y las riquezas de la gastronom\u00eda chilena.","url":"https:\/\/dechilealpaladar.cl\/en\/","email":"equipo@dechilealpaladar.cl","telephone":"+56976152439","foundingDate":"2025-03-01","numberOfEmployees":{"@type":"QuantitativeValue","minValue":0,"maxValue":10},"logo":{"@type":"ImageObject","url":"https:\/\/dechilealpaladar.cl\/wp-content\/uploads\/2024\/11\/De_Chile_al_Paladar_Logo_Color-1.png","@id":"https:\/\/dechilealpaladar.cl\/en\/colchagua-san-fernando-alista-su-2a-fiesta-de-la-vendimia\/#organizationLogo","width":310,"height":200,"caption":"DeChileAlPaladar"},"image":{"@id":"https:\/\/dechilealpaladar.cl\/en\/colchagua-san-fernando-alista-su-2a-fiesta-de-la-vendimia\/#organizationLogo"},"sameAs":["https:\/\/facebook.com\/dechilealpaladar","https:\/\/instagram.com\/dechilealpaladar","https:\/\/youtube.com\/dechilealpaladar","https:\/\/linkedin.com\/in\/dechilealpaladar"]},{"@type":"Person","@id":"https:\/\/dechilealpaladar.cl\/en\/author\/cristy-alvarez\/#author","url":"https:\/\/dechilealpaladar.cl\/en\/author\/cristy-alvarez\/","name":"Cristy \u00c1lvarez","image":{"@type":"ImageObject","url":"https:\/\/dechilealpaladar.cl\/wp-content\/uploads\/2024\/12\/cristy_alvarez_vino-mujeres.jpg"},"sameAs":["https:\/\/www.facebook.com\/CristyAlvarezG\/","https:\/\/www.instagram.com\/vinolacristy\/"],"description":"Cristina \u00c1lvarez G., periodista y sommelier chilena. Desde 2024 es presidenta de MUV Chile, abogando por la visibilidad de sus integrantes, propiciando unidas alianzas y acciones diversas en torno a la promoci\u00f3n de la cultura del vino chileno.","knowsLanguage":["Spanish","English"]},{"@type":"WebPage","@id":"https:\/\/dechilealpaladar.cl\/en\/colchagua-san-fernando-alista-su-2a-fiesta-de-la-vendimia\/#webpage","url":"https:\/\/dechilealpaladar.cl\/en\/colchagua-san-fernando-alista-su-2a-fiesta-de-la-vendimia\/","name":"Colchagua: San Fernando alista su 2a Fiesta de la Vendimia","description":"Cuando muchas fiestas ya bajan el tel\u00f3n, San Fernando se prepara para ofrecer el gran cierre. Y no es casualidad. La ciudad es reconocida como la puerta de entrada al Valle de Colchagua, una de las regiones vitivin\u00edcolas m\u00e1s prestigiosas de Chile, punto estrat\u00e9gico desde donde se abre el camino hacia vi\u00f1as hist\u00f3ricas, experiencias rurales","inLanguage":"en-GB","isPartOf":{"@id":"https:\/\/dechilealpaladar.cl\/en\/#website"},"breadcrumb":{"@id":"https:\/\/dechilealpaladar.cl\/en\/colchagua-san-fernando-alista-su-2a-fiesta-de-la-vendimia\/#breadcrumblist"},"author":{"@id":"https:\/\/dechilealpaladar.cl\/en\/author\/cristy-alvarez\/#author"},"creator":{"@id":"https:\/\/dechilealpaladar.cl\/en\/author\/cristy-alvarez\/#author"},"image":{"@type":"ImageObject","url":"https:\/\/dechilealpaladar.cl\/wp-content\/uploads\/2026\/04\/115-img_3669.jpg","@id":"https:\/\/dechilealpaladar.cl\/en\/colchagua-san-fernando-alista-su-2a-fiesta-de-la-vendimia\/#mainImage","width":1920,"height":1280,"caption":"Vinos, gastronom\u00eda, m\u00fasica y esp\u00edritu colchag\u00fcino del 1 al 3 de mayo en Plaza de Armas de San Fernando. Foto: Cedida."},"primaryImageOfPage":{"@id":"https:\/\/dechilealpaladar.cl\/en\/colchagua-san-fernando-alista-su-2a-fiesta-de-la-vendimia\/#mainImage"},"datePublished":"2026-04-28T17:47:36-04:00","dateModified":"2026-04-28T19:44:57-04:00"},{"@type":"WebSite","@id":"https:\/\/dechilealpaladar.cl\/en\/#website","url":"https:\/\/dechilealpaladar.cl\/en\/","name":"De Chile al Paladar | Noticias del Vino en Chile","alternateName":"De Chile al Paladar","description":"De Chile al Paladar celebra la cultura del vino, gastronom\u00eda y enoturismo, ofreciendo noticias, tendencias y rese\u00f1as con enfoque en el valor del patrimonio vitivin\u00edcola chileno y la sostenibilidad.","inLanguage":"en-GB","publisher":{"@id":"https:\/\/dechilealpaladar.cl\/en\/#organization"}}]},"og:locale":"en_GB","og:site_name":"De Chile al Paladar | Noticias del Vino en Chile - De Chile al Paladar celebra la cultura del vino, gastronom\u00eda y enoturismo, ofreciendo noticias, tendencias y rese\u00f1as con enfoque en el valor del patrimonio vitivin\u00edcola chileno y la sostenibilidad.","og:type":"article","og:title":"Colchagua: San Fernando alista su 2a Fiesta de la Vendimia","og:description":"Cuando muchas fiestas ya bajan el tel\u00f3n, San Fernando se prepara para ofrecer el gran cierre. Y no es casualidad. La ciudad es reconocida como la puerta de entrada al Valle de Colchagua, una de las regiones vitivin\u00edcolas m\u00e1s prestigiosas de Chile, punto estrat\u00e9gico desde donde se abre el camino hacia vi\u00f1as hist\u00f3ricas, experiencias rurales","og:url":"https:\/\/dechilealpaladar.cl\/en\/colchagua-san-fernando-alista-su-2a-fiesta-de-la-vendimia\/","og:image":"https:\/\/dechilealpaladar.cl\/wp-content\/uploads\/2026\/04\/115-img_3669.jpg","og:image:secure_url":"https:\/\/dechilealpaladar.cl\/wp-content\/uploads\/2026\/04\/115-img_3669.jpg","og:image:width":1920,"og:image:height":1280,"article:published_time":"2026-04-28T21:47:36+00:00","article:modified_time":"2026-04-28T23:44:57+00:00","article:publisher":"https:\/\/facebook.com\/dechilealpaladar","article:author":"https:\/\/www.facebook.com\/CristyAlvarezG\/","twitter:card":"summary_large_image","twitter:title":"Colchagua: San Fernando alista su 2a Fiesta de la Vendimia","twitter:description":"Cuando muchas fiestas ya bajan el tel\u00f3n, San Fernando se prepara para ofrecer el gran cierre. Y no es casualidad. La ciudad es reconocida como la puerta de entrada al Valle de Colchagua, una de las regiones vitivin\u00edcolas m\u00e1s prestigiosas de Chile, punto estrat\u00e9gico desde donde se abre el camino hacia vi\u00f1as hist\u00f3ricas, experiencias rurales","twitter:image":"https:\/\/dechilealpaladar.cl\/wp-content\/uploads\/2026\/04\/115-img_3669.jpg"},"aioseo_meta_data":{"post_id":"5399","title":null,"description":null,"keywords":null,"keyphrases":{"focus":{"keyphrase":"","score":0,"analysis":{"keyphraseInTitle":{"score":0,"maxScore":9,"error":1}}},"additional":[]},"primary_term":null,"canonical_url":null,"og_title":null,"og_description":null,"og_object_type":"default","og_image_type":"default","og_image_url":null,"og_image_width":null,"og_image_height":null,"og_image_custom_url":null,"og_image_custom_fields":null,"og_video":"","og_custom_url":null,"og_article_section":null,"og_article_tags":null,"twitter_use_og":false,"twitter_card":"default","twitter_image_type":"default","twitter_image_url":null,"twitter_image_custom_url":null,"twitter_image_custom_fields":null,"twitter_title":null,"twitter_description":null,"schema":{"blockGraphs":[],"customGraphs":[],"default":{"data":{"Article":[],"Course":[],"Dataset":[],"FAQPage":[],"Movie":[],"Person":[],"Product":[],"ProductReview":[],"Car":[],"Recipe":[],"Service":[],"SoftwareApplication":[],"WebPage":[]},"graphName":"BlogPosting","isEnabled":true},"graphs":[]},"schema_type":"default","schema_type_options":null,"pillar_content":false,"robots_default":true,"robots_noindex":false,"robots_noarchive":false,"robots_nosnippet":false,"robots_nofollow":false,"robots_noimageindex":false,"robots_noodp":false,"robots_notranslate":false,"robots_max_snippet":"-1","robots_max_videopreview":"-1","robots_max_imagepreview":"large","priority":null,"frequency":"default","local_seo":null,"seo_analyzer_scan_date":"2026-04-29 00:51:49","breadcrumb_settings":null,"limit_modified_date":false,"reviewed_by":"0","open_ai":null,"ai":{"faqs":[],"keyPoints":[],"titles":[],"descriptions":[],"socialPosts":{"email":[],"linkedin":[],"twitter":[],"facebook":[],"instagram":[]}},"created":"2026-04-28 20:48:08","updated":"2026-04-29 00:52:04"},"aioseo_breadcrumb":"<div class=\"aioseo-breadcrumbs\"><span class=\"aioseo-breadcrumb\">\n\t<a href=\"https:\/\/dechilealpaladar.cl\/en\" title=\"Home\">Home<\/a>\n<\/span><span class=\"aioseo-breadcrumb-separator\">\u00bb<\/span><span class=\"aioseo-breadcrumb\">\n\t<a href=\"https:\/\/dechilealpaladar.cl\/en\/category\/vinos\/\" title=\"Vinos\">Vinos<\/a>\n<\/span><span class=\"aioseo-breadcrumb-separator\">\u00bb<\/span><span class=\"aioseo-breadcrumb\">\n\t<a href=\"https:\/\/dechilealpaladar.cl\/en\/category\/vinos\/noticias\/\" title=\"Noticias\">Noticias<\/a>\n<\/span><span class=\"aioseo-breadcrumb-separator\">\u00bb<\/span><span class=\"aioseo-breadcrumb\">\n\tColchagua: San Fernando alista su 2a Fiesta de la Vendimia\n<\/span><\/div>","aioseo_breadcrumb_json":[{"label":"Home","link":"https:\/\/dechilealpaladar.cl\/en"},{"label":"Vinos","link":"https:\/\/dechilealpaladar.cl\/en\/category\/vinos\/"},{"label":"Noticias","link":"https:\/\/dechilealpaladar.cl\/en\/category\/vinos\/noticias\/"},{"label":"Colchagua: San Fernando alista su 2a Fiesta de la Vendimia","link":"https:\/\/dechilealpaladar.cl\/en\/colchagua-san-fernando-alista-su-2a-fiesta-de-la-vendimia\/"}],"_links":{"self":[{"href":"https:\/\/dechilealpaladar.cl\/en\/wp-json\/wp\/v2\/posts\/5399","targetHints":{"allow":["GET"]}}],"collection":[{"href":"https:\/\/dechilealpaladar.cl\/en\/wp-json\/wp\/v2\/posts"}],"about":[{"href":"https:\/\/dechilealpaladar.cl\/en\/wp-json\/wp\/v2\/types\/post"}],"author":[{"embeddable":true,"href":"https:\/\/dechilealpaladar.cl\/en\/wp-json\/wp\/v2\/users\/3"}],"replies":[{"embeddable":true,"href":"https:\/\/dechilealpaladar.cl\/en\/wp-json\/wp\/v2\/comments?post=5399"}],"version-history":[{"count":5,"href":"https:\/\/dechilealpaladar.cl\/en\/wp-json\/wp\/v2\/posts\/5399\/revisions"}],"predecessor-version":[{"id":5407,"href":"https:\/\/dechilealpaladar.cl\/en\/wp-json\/wp\/v2\/posts\/5399\/revisions\/5407"}],"wp:featuredmedia":[{"embeddable":true,"href":"https:\/\/dechilealpaladar.cl\/en\/wp-json\/wp\/v2\/media\/5401"}],"wp:attachment":[{"href":"https:\/\/dechilealpaladar.cl\/en\/wp-json\/wp\/v2\/media?parent=5399"}],"wp:term":[{"taxonomy":"category","embeddable":true,"href":"https:\/\/dechilealpaladar.cl\/en\/wp-json\/wp\/v2\/categories?post=5399"},{"taxonomy":"post_tag","embeddable":true,"href":"https:\/\/dechilealpaladar.cl\/en\/wp-json\/wp\/v2\/tags?post=5399"}],"curies":[{"name":"wp","href":"https:\/\/api.w.org\/{rel}","templated":true}]}}